{"id":94578,"date":"2016-11-12T09:15:04","date_gmt":"2016-11-12T07:15:04","guid":{"rendered":"http:\/\/www.sana.sy\/tr\/?p=94578"},"modified":"2016-11-12T14:53:03","modified_gmt":"2016-11-12T12:53:03","slug":"kaynak-ceysul-fetih-cetelerinden-onlarca-teroristi-olduren-ve-bir-kismi-agir-silahlarla-donatilmis-bir-kismi-da-zirhli-olan-bircok-araci-imha-eden-ordu-birliklerimizin-esad-banliyosu","status":"publish","type":"post","link":"https:\/\/archive.sana.sy\/tr\/?p=94578","title":{"rendered":"Kaynak \u2018Cey\u015ful Fetih\u2019 \u00e7etelerinden onlarca ter\u00f6risti \u00f6ld\u00fcren ve bir k\u0131sm\u0131 a\u011f\u0131r silahlarla donat\u0131lm\u0131\u015f bir k\u0131sm\u0131 da z\u0131rhl\u0131 olan bir\u00e7ok arac\u0131 imha eden ordu birliklerimizin Esad Banliy\u00f6s\u00fc, Karton Fabrikas\u0131 ve Ofisler b\u00f6lgelerini tamamen kontrollerine ge\u00e7irdiklerine dikkat \u00e7ekti"},"content":{"rendered":"<p>Kaynak \u2018Cey\u015ful Fetih\u2019 \u00e7etelerinden onlarca ter\u00f6risti \u00f6ld\u00fcren ve bir k\u0131sm\u0131 a\u011f\u0131r silahlarla donat\u0131lm\u0131\u015f bir k\u0131sm\u0131 da z\u0131rhl\u0131 olan bir\u00e7ok arac\u0131 imha eden ordu birliklerimizin Esad Banliy\u00f6s\u00fc, Karton Fabrikas\u0131 ve Ofisler b\u00f6lgelerini tamamen kontrollerine ge\u00e7irdiklerine dikkat \u00e7ekti<\/p>\n","protected":false},"excerpt":{"rendered":"<p>Kaynak \u2018Cey\u015ful Fetih\u2019 \u00e7etelerinden onlarca ter\u00f6risti \u00f6ld\u00fcren ve bir k\u0131sm\u0131 a\u011f\u0131r silahlarla donat\u0131lm\u0131\u015f bir k\u0131sm\u0131 da z\u0131rhl\u0131 olan bir\u00e7ok arac\u0131 imha eden ordu birliklerimizin Esad Banliy\u00f6s\u00fc, Karton Fabrikas\u0131 ve Ofisler b\u00f6lgelerini tamamen kontrollerine ge\u00e7irdiklerine dikkat \u00e7ekti<\/p>\n","protected":false},"author":1,"featured_media":0,"comment_status":"closed","ping_status":"closed","sticky":false,"template":"","format":"standard","meta":{"footnotes":""},"categories":[17991],"tags":[],"class_list":["post-94578","post","type-post","status-publish","format-standard","","category-son-dakika"],"_links":{"self":[{"href":"https:\/\/archive.sana.sy\/tr\/index.php?rest_route=\/wp\/v2\/posts\/94578","targetHints":{"allow":["GET"]}}],"collection":[{"href":"https:\/\/archive.sana.sy\/tr\/index.php?rest_route=\/wp\/v2\/posts"}],"about":[{"href":"https:\/\/archive.sana.sy\/tr\/index.php?rest_route=\/wp\/v2\/types\/post"}],"author":[{"embeddable":true,"href":"https:\/\/archive.sana.sy\/tr\/index.php?rest_route=\/wp\/v2\/users\/1"}],"replies":[{"embeddable":true,"href":"https:\/\/archive.sana.sy\/tr\/index.php?rest_route=%2Fwp%2Fv2%2Fcomments&post=94578"}],"version-history":[{"count":0,"href":"https:\/\/archive.sana.sy\/tr\/index.php?rest_route=\/wp\/v2\/posts\/94578\/revisions"}],"wp:attachment":[{"href":"https:\/\/archive.sana.sy\/tr\/index.php?rest_route=%2Fwp%2Fv2%2Fmedia&parent=94578"}],"wp:term":[{"taxonomy":"category","embeddable":true,"href":"https:\/\/archive.sana.sy\/tr\/index.php?rest_route=%2Fwp%2Fv2%2Fcategories&post=94578"},{"taxonomy":"post_tag","embeddable":true,"href":"https:\/\/archive.sana.sy\/tr\/index.php?rest_route=%2Fwp%2Fv2%2Ftags&post=94578"}],"curies":[{"name":"wp","href":"https:\/\/api.w.org\/{rel}","templated":true}]}}