{"id":94603,"date":"2016-11-12T11:49:52","date_gmt":"2016-11-12T09:49:52","guid":{"rendered":"http:\/\/www.sana.sy\/tr\/?p=94603"},"modified":"2016-11-13T13:47:08","modified_gmt":"2016-11-13T11:47:08","slug":"kveyris-cezaevi-efsanesi-filminin-galasi-yapildi-video","status":"publish","type":"post","link":"https:\/\/archive.sana.sy\/tr\/?p=94603","title":{"rendered":"Kveyris Cezaevi Efsanesi Filminin Galas\u0131 Yap\u0131ld\u0131 (video)"},"content":{"rendered":"<p>\u015eAM \u2013 Sinema Genel M\u00fcd\u00fcrl\u00fc\u011f\u00fc, \u00fcnl\u00fc y\u00f6netmen Necdet Anzur\u2019un y\u00f6netti\u011fi \u2018Kaderi Yeniden Belirleme \u2013 Halep Merkez (Kveyris) Cezaevi Ku\u015fatmas\u0131&#8217; adl\u0131 alt\u0131nda beklenen sinema filminin galas\u0131n\u0131 d\u00fcn ak\u015fam \u015eam\u2019\u0131n Esad K\u00fclt\u00fcr Sanat Merkezindeki sinema salonunda yapt\u0131.<a href=\"http:\/\/www.sana.sy\/tr\/wp-content\/uploads\/2016\/11\/2-14.jpg\"><img loading=\"lazy\" decoding=\"async\" class=\"alignright wp-image-94606 size-medium\" src=\"http:\/\/www.sana.sy\/tr\/wp-content\/uploads\/2016\/11\/2-14-300x199.jpg\" alt=\"2\" width=\"300\" height=\"199\" srcset=\"https:\/\/archive.sana.sy\/tr\/wp-content\/uploads\/2016\/11\/2-14-300x199.jpg 300w, https:\/\/archive.sana.sy\/tr\/wp-content\/uploads\/2016\/11\/2-14-150x100.jpg 150w, https:\/\/archive.sana.sy\/tr\/wp-content\/uploads\/2016\/11\/2-14-768x510.jpg 768w, https:\/\/archive.sana.sy\/tr\/wp-content\/uploads\/2016\/11\/2-14-1024x680.jpg 1024w, https:\/\/archive.sana.sy\/tr\/wp-content\/uploads\/2016\/11\/2-14-310x205.jpg 310w, https:\/\/archive.sana.sy\/tr\/wp-content\/uploads\/2016\/11\/2-14.jpg 1179w\" sizes=\"auto, (max-width: 300px) 100vw, 300px\" \/><\/a><\/p>\n<p>\u00dcnl\u00fc senarist Diyana Kemalettin\u2019in yazd\u0131\u011f\u0131 iki saatlik sinema filminde; Halep\u2019te bir y\u0131ldan fazla s\u00fcredir d\u0131\u015f g\u00fc\u00e7lere tabi radikal ter\u00f6ristlerin s\u0131k\u0131 ku\u015fatmas\u0131 alt\u0131nda kalan Halep Merkez (Kveyris) Cezaevinin destan\u0131na \u0131\u015f\u0131k tutuldu. Filimde cezaevi ku\u015fatmas\u0131 ve ordu birliklerimizin ku\u015fatmay\u0131 k\u0131r\u0131p cezaevindeki kahramanlar\u0131m\u0131z\u0131 kurtarmas\u0131n\u0131n yan\u0131 s\u0131ra bu kahramanlar\u0131m\u0131z\u0131n ter\u00f6re kar\u015f\u0131 efsanevi m\u00fccadelelerine dikkat \u00e7ekiyor. Filmde ger\u00e7ek olaylarda yer alan \u015fahsiyetler de takdim edildi.<\/p>\n<p>Galas\u0131na i\u00e7i\u015fleri ve k\u00fclt\u00fcr bakanlar\u0131n\u0131n da kat\u0131ld\u0131klar\u0131 sinema filminde Kveyris Cezaevinde g\u00fcn\u00fc birlik \u00e7at\u0131\u015fmalar ve kahramanl\u0131klara \u0131\u015f\u0131k tutulmas\u0131n\u0131n yan\u0131 s\u0131ra efsanenin insani boyutlar\u0131na da vurgu yap\u0131ld\u0131.<\/p>\n<p>https:\/\/www.youtube.com\/watch?v=SvvU7nDvLv4<\/p>\n","protected":false},"excerpt":{"rendered":"<p>\u015eAM \u2013 Sinema Genel M\u00fcd\u00fcrl\u00fc\u011f\u00fc, \u00fcnl\u00fc y\u00f6netmen Necdet Anzur\u2019un y\u00f6netti\u011fi \u2018Kaderi Yeniden Belirleme \u2013 Halep Merkez (Kveyris) Cezaevi Ku\u015fatmas\u0131&#8217; adl\u0131 alt\u0131nda beklenen sinema filminin galas\u0131n\u0131 d\u00fcn ak\u015fam \u015eam\u2019\u0131n Esad K\u00fclt\u00fcr Sanat Merkezindeki sinema salonunda yapt\u0131. \u00dcnl\u00fc senarist Diyana Kemalettin\u2019in yazd\u0131\u011f\u0131 iki saatlik sinema filminde; Halep\u2019te bir y\u0131ldan fazla s\u00fcredir d\u0131\u015f g\u00fc\u00e7lere tabi radikal ter\u00f6ristlerin s\u0131k\u0131 &hellip;<\/p>\n","protected":false},"author":1,"featured_media":94605,"comment_status":"closed","ping_status":"closed","sticky":false,"template":"","format":"standard","meta":{"footnotes":""},"categories":[516,511,17988],"tags":[25205,25207,25206,18910,18909,25204],"class_list":["post-94603","post","type-post","status-publish","format-standard","has-post-thumbnail","","category-haberler-kultur-ve-sanat","category-kultur-ve-sanat","category-son-haberler","tag-film-galasi","tag-halep-merkez-kveyris-cezaevi-kusatmasi","tag-kaderi-yeniden-belirleme","tag-necdet-anzur","tag-sinema-filmi","tag-sinema-genel-mudurlugu"],"_links":{"self":[{"href":"https:\/\/archive.sana.sy\/tr\/index.php?rest_route=\/wp\/v2\/posts\/94603","targetHints":{"allow":["GET"]}}],"collection":[{"href":"https:\/\/archive.sana.sy\/tr\/index.php?rest_route=\/wp\/v2\/posts"}],"about":[{"href":"https:\/\/archive.sana.sy\/tr\/index.php?rest_route=\/wp\/v2\/types\/post"}],"author":[{"embeddable":true,"href":"https:\/\/archive.sana.sy\/tr\/index.php?rest_route=\/wp\/v2\/users\/1"}],"replies":[{"embeddable":true,"href":"https:\/\/archive.sana.sy\/tr\/index.php?rest_route=%2Fwp%2Fv2%2Fcomments&post=94603"}],"version-history":[{"count":0,"href":"https:\/\/archive.sana.sy\/tr\/index.php?rest_route=\/wp\/v2\/posts\/94603\/revisions"}],"wp:featuredmedia":[{"embeddable":true,"href":"https:\/\/archive.sana.sy\/tr\/index.php?rest_route=\/wp\/v2\/media\/94605"}],"wp:attachment":[{"href":"https:\/\/archive.sana.sy\/tr\/index.php?rest_route=%2Fwp%2Fv2%2Fmedia&parent=94603"}],"wp:term":[{"taxonomy":"category","embeddable":true,"href":"https:\/\/archive.sana.sy\/tr\/index.php?rest_route=%2Fwp%2Fv2%2Fcategories&post=94603"},{"taxonomy":"post_tag","embeddable":true,"href":"https:\/\/archive.sana.sy\/tr\/index.php?rest_route=%2Fwp%2Fv2%2Ftags&post=94603"}],"curies":[{"name":"wp","href":"https:\/\/api.w.org\/{rel}","templated":true}]}}