{"id":9463,"date":"2014-09-08T23:53:34","date_gmt":"2014-09-08T20:53:34","guid":{"rendered":"http:\/\/www.sana.sy\/tr\/?p=9463"},"modified":"2014-09-08T23:53:34","modified_gmt":"2014-09-08T20:53:34","slug":"il-meclisi-uyeleri-hava-seferlerinin-arttirilmasi-gerekiyor","status":"publish","type":"post","link":"https:\/\/archive.sana.sy\/tr\/?p=9463","title":{"rendered":"\u0130l Meclisi \u00dcyeleri: Hava Seferlerinin Artt\u0131r\u0131lmas\u0131 Gerekiyor"},"content":{"rendered":"<p>HASEKE \u2013 Haseke Valili\u011fi Meclis \u00dcyeleri d\u00fczenledikleri ola\u011fan toplant\u0131lar\u0131nda Haseke ve di\u011fer iller aras\u0131ndaki hava seferleri say\u0131s\u0131n\u0131n artt\u0131r\u0131lmas\u0131 ve hava yollar\u0131 \u015firketlerinin ileti\u015fim ofisleri a\u011f\u0131n\u0131n yayg\u0131nla\u015ft\u0131r\u0131lmas\u0131 \u00e7a\u011fr\u0131s\u0131nda bulundular.<\/p>\n<p>\u0130la\u00e7 ve resmi dairelerin acil te\u00e7hizatlar\u0131n\u0131n hava yolu ile aktar\u0131lmas\u0131 talebinde bulunan meclis \u00fcyeleri, petrol ve do\u011fal gaz ula\u015ft\u0131r\u0131lmas\u0131 ile ilgili olarak da bu alanda \u00f6zel \u015firketler ve m\u00fcteahhitlerle i\u015fbirli\u011fi yap\u0131lmas\u0131 gere\u011fine dikkat \u00e7ektiler.<\/p>\n<p>Haseke\u2019de di\u011fer iller gibi \u00f6zel \u00fcniversite kurulmas\u0131 talebini dile getiren meclis \u00fcyeleri; tohum ve g\u00fcbre gibi tar\u0131m ihtiya\u00e7lar\u0131n\u0131n kar\u015f\u0131lanmas\u0131 \u00e7al\u0131\u015fmalar\u0131n\u0131n h\u0131zland\u0131r\u0131lmas\u0131 gere\u011fini belirttiler.<\/p>\n<p>\u0130l Meclisi Ba\u015fkan\u0131 \u0130yad el Azab ise il meclisi \u00fcyelerinin vatanda\u015f ile yetkililer aras\u0131nda bir ileti\u015fim ba\u011flant\u0131s\u0131 olmas\u0131 gerekti\u011fini dile getirdi.<\/p>\n","protected":false},"excerpt":{"rendered":"<p>HASEKE \u2013 Haseke Valili\u011fi Meclis \u00dcyeleri d\u00fczenledikleri ola\u011fan toplant\u0131lar\u0131nda Haseke ve di\u011fer iller aras\u0131ndaki hava seferleri say\u0131s\u0131n\u0131n artt\u0131r\u0131lmas\u0131 ve hava yollar\u0131 \u015firketlerinin ileti\u015fim ofisleri a\u011f\u0131n\u0131n yayg\u0131nla\u015ft\u0131r\u0131lmas\u0131 \u00e7a\u011fr\u0131s\u0131nda bulundular. \u0130la\u00e7 ve resmi dairelerin acil te\u00e7hizatlar\u0131n\u0131n hava yolu ile aktar\u0131lmas\u0131 talebinde bulunan meclis \u00fcyeleri, petrol ve do\u011fal gaz ula\u015ft\u0131r\u0131lmas\u0131 ile ilgili olarak da bu alanda \u00f6zel \u015firketler &hellip;<\/p>\n","protected":false},"author":1,"featured_media":9464,"comment_status":"closed","ping_status":"closed","sticky":false,"template":"","format":"standard","meta":{"footnotes":""},"categories":[479,478],"tags":[2126],"class_list":["post-9463","post","type-post","status-publish","format-standard","has-post-thumbnail","","category-haberler-yerel","category-yerel","tag-il-meclisi-uyeleri-hava-seferlerinin-arttirilmasi-gerekiyor"],"_links":{"self":[{"href":"https:\/\/archive.sana.sy\/tr\/index.php?rest_route=\/wp\/v2\/posts\/9463","targetHints":{"allow":["GET"]}}],"collection":[{"href":"https:\/\/archive.sana.sy\/tr\/index.php?rest_route=\/wp\/v2\/posts"}],"about":[{"href":"https:\/\/archive.sana.sy\/tr\/index.php?rest_route=\/wp\/v2\/types\/post"}],"author":[{"embeddable":true,"href":"https:\/\/archive.sana.sy\/tr\/index.php?rest_route=\/wp\/v2\/users\/1"}],"replies":[{"embeddable":true,"href":"https:\/\/archive.sana.sy\/tr\/index.php?rest_route=%2Fwp%2Fv2%2Fcomments&post=9463"}],"version-history":[{"count":0,"href":"https:\/\/archive.sana.sy\/tr\/index.php?rest_route=\/wp\/v2\/posts\/9463\/revisions"}],"wp:featuredmedia":[{"embeddable":true,"href":"https:\/\/archive.sana.sy\/tr\/index.php?rest_route=\/wp\/v2\/media\/9464"}],"wp:attachment":[{"href":"https:\/\/archive.sana.sy\/tr\/index.php?rest_route=%2Fwp%2Fv2%2Fmedia&parent=9463"}],"wp:term":[{"taxonomy":"category","embeddable":true,"href":"https:\/\/archive.sana.sy\/tr\/index.php?rest_route=%2Fwp%2Fv2%2Fcategories&post=9463"},{"taxonomy":"post_tag","embeddable":true,"href":"https:\/\/archive.sana.sy\/tr\/index.php?rest_route=%2Fwp%2Fv2%2Ftags&post=9463"}],"curies":[{"name":"wp","href":"https:\/\/api.w.org\/{rel}","templated":true}]}}