{"id":9466,"date":"2014-09-09T00:01:40","date_gmt":"2014-09-08T21:01:40","guid":{"rendered":"http:\/\/www.sana.sy\/tr\/?p=9466"},"modified":"2014-09-09T00:01:53","modified_gmt":"2014-09-08T21:01:53","slug":"isidin-elinde-abd-yapimi-buyuk-miktarda-silah-bulunuyor","status":"publish","type":"post","link":"https:\/\/archive.sana.sy\/tr\/?p=9466","title":{"rendered":"I\u015e\u0130D\u2019in Elinde ABD Yap\u0131m\u0131 B\u00fcy\u00fck Miktarda Silah Bulunuyor"},"content":{"rendered":"<p>LONDRA \u2013 Armament Research Organization; (Silahlanma Ara\u015ft\u0131rma Kurulu\u015fu) d\u00fcn yay\u0131nlad\u0131\u011f\u0131 bir raporda, el Kaide Ter\u00f6r \u00d6rg\u00fct\u00fcne ba\u011fl\u0131 I\u015e\u0130D ter\u00f6r \u00f6rg\u00fct\u00fcn\u00fcn, ABD\u2019nin \u201cSuriyeli Muhalefeti\u201d desteklemek i\u00e7in haz\u0131rlad\u0131\u011f\u0131 ba\u011flant\u0131lar \u00fczerinden edindikleri edindi\u011fi silahlar\u0131 kulland\u0131\u011f\u0131n\u0131 ifade etti.<\/p>\n<p>Kurulu\u015f; Suriye ve Irak\u2019ta ad\u0131 ge\u00e7en ter\u00f6r \u00f6rg\u00fct\u00fcne ba\u011fl\u0131 ter\u00f6r gruplar\u0131 ile meydana gelen \u00e7at\u0131\u015fmalarda kullan\u0131lan silahlar \u00fczerinde ge\u00e7ti\u011fimiz Temmuz ay\u0131nda 10 g\u00fcn s\u00fcresince yapt\u0131\u011f\u0131 ara\u015ft\u0131rmalarla bu sonuca aktard\u0131.<\/p>\n<p>AFP\u2019nin yay\u0131nlad\u0131\u011f\u0131 haberde Silahs\u0131zlanma Ara\u015ft\u0131rmalar\u0131 Kurulu\u015funun yay\u0131nlad\u0131\u011f\u0131 raporun radikallerin elinde ABD yap\u0131m\u0131 b\u00fcy\u00fck miktarda silah bulundu\u011funa dikkat \u00e7ekti\u011fine de\u011finerek bu silahlar\u0131n aras\u0131nda M16 Otomatik Silahlar\u0131n\u0131n en b\u00fcy\u00fck pay\u0131 te\u015fkil etti\u011fini belirtti.<\/p>\n<p>Bilinece\u011fi \u00fczere ABD\u2019li yetkililer \u201cIl\u0131ml\u0131 Muhalefet\u201d ad\u0131n\u0131 verdi\u011fi gruplara silah yard\u0131m\u0131 yapt\u0131\u011f\u0131n\u0131 ifade etmekten \u00e7ekinmemekle birlikte \u00fcrettikleri silahlar\u0131n yanl\u0131\u015f ki\u015filerin \u00f6zellikle de radikallerin eline ge\u00e7memesine b\u00fcy\u00fck \u00f6nem veriyorlar.<\/p>\n","protected":false},"excerpt":{"rendered":"<p>LONDRA \u2013 Armament Research Organization; (Silahlanma Ara\u015ft\u0131rma Kurulu\u015fu) d\u00fcn yay\u0131nlad\u0131\u011f\u0131 bir raporda, el Kaide Ter\u00f6r \u00d6rg\u00fct\u00fcne ba\u011fl\u0131 I\u015e\u0130D ter\u00f6r \u00f6rg\u00fct\u00fcn\u00fcn, ABD\u2019nin \u201cSuriyeli Muhalefeti\u201d desteklemek i\u00e7in haz\u0131rlad\u0131\u011f\u0131 ba\u011flant\u0131lar \u00fczerinden edindikleri edindi\u011fi silahlar\u0131 kulland\u0131\u011f\u0131n\u0131 ifade etti. Kurulu\u015f; Suriye ve Irak\u2019ta ad\u0131 ge\u00e7en ter\u00f6r \u00f6rg\u00fct\u00fcne ba\u011fl\u0131 ter\u00f6r gruplar\u0131 ile meydana gelen \u00e7at\u0131\u015fmalarda kullan\u0131lan silahlar \u00fczerinde ge\u00e7ti\u011fimiz Temmuz ay\u0131nda &hellip;<\/p>\n","protected":false},"author":1,"featured_media":9454,"comment_status":"closed","ping_status":"closed","sticky":false,"template":"","format":"standard","meta":{"footnotes":""},"categories":[458,459,447],"tags":[2127],"class_list":["post-9466","post","type-post","status-publish","format-standard","has-post-thumbnail","","category-dunya1","category-haberler-arap-uluslararasi-politika","category-politika","tag-isidin-elinde-abd-yapimi-buyuk-miktarda-silah-bulunuyor"],"_links":{"self":[{"href":"https:\/\/archive.sana.sy\/tr\/index.php?rest_route=\/wp\/v2\/posts\/9466","targetHints":{"allow":["GET"]}}],"collection":[{"href":"https:\/\/archive.sana.sy\/tr\/index.php?rest_route=\/wp\/v2\/posts"}],"about":[{"href":"https:\/\/archive.sana.sy\/tr\/index.php?rest_route=\/wp\/v2\/types\/post"}],"author":[{"embeddable":true,"href":"https:\/\/archive.sana.sy\/tr\/index.php?rest_route=\/wp\/v2\/users\/1"}],"replies":[{"embeddable":true,"href":"https:\/\/archive.sana.sy\/tr\/index.php?rest_route=%2Fwp%2Fv2%2Fcomments&post=9466"}],"version-history":[{"count":0,"href":"https:\/\/archive.sana.sy\/tr\/index.php?rest_route=\/wp\/v2\/posts\/9466\/revisions"}],"wp:featuredmedia":[{"embeddable":true,"href":"https:\/\/archive.sana.sy\/tr\/index.php?rest_route=\/wp\/v2\/media\/9454"}],"wp:attachment":[{"href":"https:\/\/archive.sana.sy\/tr\/index.php?rest_route=%2Fwp%2Fv2%2Fmedia&parent=9466"}],"wp:term":[{"taxonomy":"category","embeddable":true,"href":"https:\/\/archive.sana.sy\/tr\/index.php?rest_route=%2Fwp%2Fv2%2Fcategories&post=9466"},{"taxonomy":"post_tag","embeddable":true,"href":"https:\/\/archive.sana.sy\/tr\/index.php?rest_route=%2Fwp%2Fv2%2Ftags&post=9466"}],"curies":[{"name":"wp","href":"https:\/\/api.w.org\/{rel}","templated":true}]}}