{"id":9468,"date":"2014-09-09T00:04:13","date_gmt":"2014-09-08T21:04:13","guid":{"rendered":"http:\/\/www.sana.sy\/tr\/?p=9468"},"modified":"2014-09-09T00:04:13","modified_gmt":"2014-09-08T21:04:13","slug":"huseyin-isidin-kanli-eylemlerini-kinadi","status":"publish","type":"post","link":"https:\/\/archive.sana.sy\/tr\/?p=9468","title":{"rendered":"H\u00fcseyin I\u015e\u0130D\u2019in Kanl\u0131 Eylemlerini K\u0131nad\u0131"},"content":{"rendered":"<p>CENEVRE \u2013 BM Yeni \u0130nsan Haklar\u0131 Y\u00fcksek Komisyonu G\u00f6r\u00fc\u015fmecisi Zeyn Bin Raad el H\u00fcseyin, Suriye ve Irak\u2019ta korku salan ter\u00f6ristlerin kanl\u0131 eylemlerini k\u0131nad\u0131.<\/p>\n<p>Fransa Haber Ajans\u0131 (AFP) H\u00fcseyin\u2019in, bug\u00fcn Cenevre\u2019de \u0130nsan Haklar\u0131 Komisyonu\u2019un 27. D\u00f6nemi a\u00e7\u0131l\u0131\u015f t\u00f6reninde yapt\u0131\u011f\u0131 konu\u015fmada;\u00a0 I\u015e\u0130D\u2019in kanl\u0131 eylemlerinin, radikal \u00f6rg\u00fctlerin ama\u00e7lar\u0131na ula\u015fmas\u0131 halinde kuracaklar\u0131 tekfirci devletlerin as\u0131l y\u00fcz\u00fcn\u00fc ortaya koydu\u011funu dile getirerek I\u015e\u0130D gibi \u00f6rg\u00fctlerin \u015fiddet, kan ve k\u00f6t\u00fcl\u00fckten ba\u015fka bir temeli bulunmad\u0131\u011f\u0131n\u0131n alt\u0131n\u0131 \u00e7izdi.<\/p>\n<p>Tekfirci \u00f6rg\u00fctlerin Nijerya, Afganistan, Pakistan, Kenya, Yemen, Somali, Mali, Libya, Suriye ve Irak\u2019ta ya\u015fanan olaylarda yeterince tan\u0131nd\u0131\u011f\u0131n\u0131 ifade eden H\u00fcseyin; tekfircilerin sald\u0131rd\u0131klar\u0131 b\u00fct\u00fcn b\u00f6lgelerde H\u0131ristiyan, M\u00fcsl\u00fcman ya da Yahudi ayr\u0131m\u0131 yapmaks\u0131z\u0131n herkesi katlettiklerinin alt\u0131n\u0131 \u00e7izdi.<\/p>\n<p>H\u00fcseyin uluslar aras\u0131 topluma Irak ve Suriye&#8217;de \u015fiddetin durdurulmas\u0131 i\u00e7in \u00e7aba harcama \u00e7a\u011fr\u0131s\u0131yla konu\u015fmas\u0131n\u0131 noktalad\u0131.<\/p>\n","protected":false},"excerpt":{"rendered":"<p>CENEVRE \u2013 BM Yeni \u0130nsan Haklar\u0131 Y\u00fcksek Komisyonu G\u00f6r\u00fc\u015fmecisi Zeyn Bin Raad el H\u00fcseyin, Suriye ve Irak\u2019ta korku salan ter\u00f6ristlerin kanl\u0131 eylemlerini k\u0131nad\u0131. Fransa Haber Ajans\u0131 (AFP) H\u00fcseyin\u2019in, bug\u00fcn Cenevre\u2019de \u0130nsan Haklar\u0131 Komisyonu\u2019un 27. D\u00f6nemi a\u00e7\u0131l\u0131\u015f t\u00f6reninde yapt\u0131\u011f\u0131 konu\u015fmada;\u00a0 I\u015e\u0130D\u2019in kanl\u0131 eylemlerinin, radikal \u00f6rg\u00fctlerin ama\u00e7lar\u0131na ula\u015fmas\u0131 halinde kuracaklar\u0131 tekfirci devletlerin as\u0131l y\u00fcz\u00fcn\u00fc ortaya koydu\u011funu dile &hellip;<\/p>\n","protected":false},"author":1,"featured_media":9441,"comment_status":"closed","ping_status":"closed","sticky":false,"template":"","format":"standard","meta":{"footnotes":""},"categories":[458,459,447],"tags":[2128],"class_list":["post-9468","post","type-post","status-publish","format-standard","has-post-thumbnail","","category-dunya1","category-haberler-arap-uluslararasi-politika","category-politika","tag-huseyin-isidin-kanli-eylemlerini-kinadi"],"_links":{"self":[{"href":"https:\/\/archive.sana.sy\/tr\/index.php?rest_route=\/wp\/v2\/posts\/9468","targetHints":{"allow":["GET"]}}],"collection":[{"href":"https:\/\/archive.sana.sy\/tr\/index.php?rest_route=\/wp\/v2\/posts"}],"about":[{"href":"https:\/\/archive.sana.sy\/tr\/index.php?rest_route=\/wp\/v2\/types\/post"}],"author":[{"embeddable":true,"href":"https:\/\/archive.sana.sy\/tr\/index.php?rest_route=\/wp\/v2\/users\/1"}],"replies":[{"embeddable":true,"href":"https:\/\/archive.sana.sy\/tr\/index.php?rest_route=%2Fwp%2Fv2%2Fcomments&post=9468"}],"version-history":[{"count":0,"href":"https:\/\/archive.sana.sy\/tr\/index.php?rest_route=\/wp\/v2\/posts\/9468\/revisions"}],"wp:featuredmedia":[{"embeddable":true,"href":"https:\/\/archive.sana.sy\/tr\/index.php?rest_route=\/wp\/v2\/media\/9441"}],"wp:attachment":[{"href":"https:\/\/archive.sana.sy\/tr\/index.php?rest_route=%2Fwp%2Fv2%2Fmedia&parent=9468"}],"wp:term":[{"taxonomy":"category","embeddable":true,"href":"https:\/\/archive.sana.sy\/tr\/index.php?rest_route=%2Fwp%2Fv2%2Fcategories&post=9468"},{"taxonomy":"post_tag","embeddable":true,"href":"https:\/\/archive.sana.sy\/tr\/index.php?rest_route=%2Fwp%2Fv2%2Ftags&post=9468"}],"curies":[{"name":"wp","href":"https:\/\/api.w.org\/{rel}","templated":true}]}}