{"id":9471,"date":"2014-09-09T00:20:32","date_gmt":"2014-09-08T21:20:32","guid":{"rendered":"http:\/\/www.sana.sy\/tr\/?p=9471"},"modified":"2014-09-09T00:44:26","modified_gmt":"2014-09-08T21:44:26","slug":"cocuk-turizmi-festivali-basladi","status":"publish","type":"post","link":"https:\/\/archive.sana.sy\/tr\/?p=9471","title":{"rendered":"\u00c7ocuk Turizmi Festivali Ba\u015flad\u0131"},"content":{"rendered":"<p>\u015eAM \u2013 Turizm Bakanl\u0131\u011f\u0131n\u0131n, Baas \u00d6nc\u00fcleri Birli\u011fi ile d\u00fczenledi\u011fi K\u00fc\u00e7\u00fck Turistler Festivali bug\u00fcn \u015eam Kalesinde faaliyetlerine ba\u015flad\u0131.<\/p>\n<p>Festivalin birinci g\u00fcn\u00fc faaliyetleri aras\u0131nda,\u00a0 \u00e7ocuklar\u0131n \u015eam folklorik m\u00fczik dinletileri ve sanat g\u00f6sterilerinin yan\u0131 \u015fiir dinletileri ve dans g\u00f6sterileri yer ald\u0131.<\/p>\n<p>Festivalin a\u00e7\u0131l\u0131\u015f konu\u015fmas\u0131n\u0131 yapan Turizm Bakan\u0131 Be\u015fir Yaz\u0131c\u0131; festivalin \u00e7ocuklar\u0131 k\u00fc\u00e7\u00fck ya\u015flar\u0131ndan itibaren bir k\u00fclt\u00fcr ve vatan sevgisi a\u015f\u0131lamay\u0131 ama\u00e7lad\u0131\u011f\u0131na i\u015faret ederek Bakanl\u0131\u011f\u0131n turizm tan\u0131t\u0131m faaliyetlerini toplumsal bir k\u00fclt\u00fcr haline d\u00f6n\u00fc\u015ft\u00fcrme \u00e7al\u0131\u015fmalar\u0131 bulundu\u011funun alt\u0131n\u0131 \u00e7izdi.<\/p>\n<p>4 g\u00fcn s\u00fcrecek festivalde \u00fclkenin k\u00f6kl\u00fc tarihinin yan\u0131 s\u0131ra bu tarih boyunca Suriye toplumunun geli\u015fmesine katk\u0131da bulunmu\u015f b\u00fct\u00fcn unsurlara yer verilmesi bekleniyor.<\/p>\n<div id='gallery-1' class='gallery galleryid-9471 gallery-columns-2 gallery-size-thumbnail'><figure class='gallery-item'>\n\t\t\t<div class='gallery-icon landscape'>\n\t\t\t\t<a href='https:\/\/archive.sana.sy\/tr\/wp-content\/uploads\/2014\/09\/K\u00fc\u00e7\u00fck-turist-3.jpg'><img loading=\"lazy\" decoding=\"async\" width=\"150\" height=\"99\" src=\"https:\/\/archive.sana.sy\/tr\/wp-content\/uploads\/2014\/09\/K\u00fc\u00e7\u00fck-turist-3-150x99.jpg\" class=\"attachment-thumbnail size-thumbnail\" alt=\"\" srcset=\"https:\/\/archive.sana.sy\/tr\/wp-content\/uploads\/2014\/09\/K\u00fc\u00e7\u00fck-turist-3-150x99.jpg 150w, https:\/\/archive.sana.sy\/tr\/wp-content\/uploads\/2014\/09\/K\u00fc\u00e7\u00fck-turist-3-300x199.jpg 300w, https:\/\/archive.sana.sy\/tr\/wp-content\/uploads\/2014\/09\/K\u00fc\u00e7\u00fck-turist-3-1024x681.jpg 1024w\" sizes=\"auto, (max-width: 150px) 100vw, 150px\" \/><\/a>\n\t\t\t<\/div><\/figure><figure class='gallery-item'>\n\t\t\t<div class='gallery-icon landscape'>\n\t\t\t\t<a href='https:\/\/archive.sana.sy\/tr\/wp-content\/uploads\/2014\/09\/K\u00fc\u00e7\u00fck-turist-2.jpg'><img loading=\"lazy\" decoding=\"async\" width=\"150\" height=\"99\" src=\"https:\/\/archive.sana.sy\/tr\/wp-content\/uploads\/2014\/09\/K\u00fc\u00e7\u00fck-turist-2-150x99.jpg\" class=\"attachment-thumbnail size-thumbnail\" alt=\"\" srcset=\"https:\/\/archive.sana.sy\/tr\/wp-content\/uploads\/2014\/09\/K\u00fc\u00e7\u00fck-turist-2-150x99.jpg 150w, https:\/\/archive.sana.sy\/tr\/wp-content\/uploads\/2014\/09\/K\u00fc\u00e7\u00fck-turist-2-300x199.jpg 300w, https:\/\/archive.sana.sy\/tr\/wp-content\/uploads\/2014\/09\/K\u00fc\u00e7\u00fck-turist-2-1024x681.jpg 1024w\" sizes=\"auto, (max-width: 150px) 100vw, 150px\" \/><\/a>\n\t\t\t<\/div><\/figure>\n\t\t<\/div>\n\n<p>Festival Faaliyetlerinden kareler..<\/p>\n<div style=\"width: 618px;\" class=\"wp-video\"><!--[if lt IE 9]><script>document.createElement('video');<\/script><![endif]-->\n<video class=\"wp-video-shortcode\" id=\"video-9471-1\" width=\"618\" height=\"348\" preload=\"metadata\" controls=\"controls\"><source type=\"video\/x-flv\" src=\"http:\/\/www.sana.sy\/tr\/wp-content\/uploads\/2014\/09\/K\u00fc\u00e7\u00fck-Turist-Festivali1.flv?_=1\" \/><a href=\"http:\/\/www.sana.sy\/tr\/wp-content\/uploads\/2014\/09\/K\u00fc\u00e7\u00fck-Turist-Festivali1.flv\">http:\/\/www.sana.sy\/tr\/wp-content\/uploads\/2014\/09\/K\u00fc\u00e7\u00fck-Turist-Festivali1.flv<\/a><\/video><\/div>\n","protected":false},"excerpt":{"rendered":"<p>\u015eAM \u2013 Turizm Bakanl\u0131\u011f\u0131n\u0131n, Baas \u00d6nc\u00fcleri Birli\u011fi ile d\u00fczenledi\u011fi K\u00fc\u00e7\u00fck Turistler Festivali bug\u00fcn \u015eam Kalesinde faaliyetlerine ba\u015flad\u0131. Festivalin birinci g\u00fcn\u00fc faaliyetleri aras\u0131nda,\u00a0 \u00e7ocuklar\u0131n \u015eam folklorik m\u00fczik dinletileri ve sanat g\u00f6sterilerinin yan\u0131 \u015fiir dinletileri ve dans g\u00f6sterileri yer ald\u0131. Festivalin a\u00e7\u0131l\u0131\u015f konu\u015fmas\u0131n\u0131 yapan Turizm Bakan\u0131 Be\u015fir Yaz\u0131c\u0131; festivalin \u00e7ocuklar\u0131 k\u00fc\u00e7\u00fck ya\u015flar\u0131ndan itibaren bir k\u00fclt\u00fcr ve vatan &hellip;<\/p>\n","protected":false},"author":1,"featured_media":9438,"comment_status":"closed","ping_status":"closed","sticky":false,"template":"","format":"standard","meta":{"footnotes":""},"categories":[596,479,511,525,478],"tags":[2129],"class_list":["post-9471","post","type-post","status-publish","format-standard","has-post-thumbnail","","category-fotografli-raporlar","category-haberler-yerel","category-kultur-ve-sanat","category-toplum","category-yerel","tag-cocuk-turizmi-festivali-basladi"],"_links":{"self":[{"href":"https:\/\/archive.sana.sy\/tr\/index.php?rest_route=\/wp\/v2\/posts\/9471","targetHints":{"allow":["GET"]}}],"collection":[{"href":"https:\/\/archive.sana.sy\/tr\/index.php?rest_route=\/wp\/v2\/posts"}],"about":[{"href":"https:\/\/archive.sana.sy\/tr\/index.php?rest_route=\/wp\/v2\/types\/post"}],"author":[{"embeddable":true,"href":"https:\/\/archive.sana.sy\/tr\/index.php?rest_route=\/wp\/v2\/users\/1"}],"replies":[{"embeddable":true,"href":"https:\/\/archive.sana.sy\/tr\/index.php?rest_route=%2Fwp%2Fv2%2Fcomments&post=9471"}],"version-history":[{"count":0,"href":"https:\/\/archive.sana.sy\/tr\/index.php?rest_route=\/wp\/v2\/posts\/9471\/revisions"}],"wp:featuredmedia":[{"embeddable":true,"href":"https:\/\/archive.sana.sy\/tr\/index.php?rest_route=\/wp\/v2\/media\/9438"}],"wp:attachment":[{"href":"https:\/\/archive.sana.sy\/tr\/index.php?rest_route=%2Fwp%2Fv2%2Fmedia&parent=9471"}],"wp:term":[{"taxonomy":"category","embeddable":true,"href":"https:\/\/archive.sana.sy\/tr\/index.php?rest_route=%2Fwp%2Fv2%2Fcategories&post=9471"},{"taxonomy":"post_tag","embeddable":true,"href":"https:\/\/archive.sana.sy\/tr\/index.php?rest_route=%2Fwp%2Fv2%2Ftags&post=9471"}],"curies":[{"name":"wp","href":"https:\/\/api.w.org\/{rel}","templated":true}]}}