{"id":9479,"date":"2014-09-09T01:36:41","date_gmt":"2014-09-08T22:36:41","guid":{"rendered":"http:\/\/www.sana.sy\/tr\/?p=9479"},"modified":"2014-09-09T01:36:06","modified_gmt":"2014-09-08T22:36:06","slug":"isid-siyonizme-hizmet-eden-somurgeciligin-urunudur","status":"publish","type":"post","link":"https:\/\/archive.sana.sy\/tr\/?p=9479","title":{"rendered":"I\u015e\u0130D Siyonizm\u2019e Hizmet Eden S\u00f6m\u00fcrgecili\u011fin \u00dcr\u00fcn\u00fcd\u00fcr"},"content":{"rendered":"<p>KAH\u0130RE \u2013 \u015eeyh el Ezhar Ahmet el Tayyib; \u201cIrak ve \u015eam\u2019da \u0130slam Devleti\u201d (I\u015e\u0130D) ter\u00f6r \u00f6rg\u00fct\u00fc \u00fcyelerinin \u0130slam dininin g\u00f6r\u00fcnt\u00fcs\u00fcn\u00fc kirleten katiller olduklar\u0131n\u0131 dile getirerek bu \u00f6rg\u00fct\u00fcn Siyonist s\u00f6m\u00fcrgecili\u011fin bir \u00fcr\u00fcn\u00fc oldu\u011funun alt\u0131n\u0131 \u00e7izdi.<\/p>\n<p>Tayyib d\u00fcn yapt\u0131\u011f\u0131 bir konu\u015fmada; I\u015e\u0130D \u00fcyesi katillerin d\u00fcnya \u0130slamiyet\u2019e ili\u015fkin bozuk ve korkun\u00e7 bir izlenim yaymas\u0131n\u0131n \u00fcz\u00fcc\u00fc bir durum oldu\u011funa i\u015faret ederek I\u015e\u0130D ve b\u00fct\u00fcn ter\u00f6r \u00f6rg\u00fctlerinin Siyonizm\u2019e hizmet eden s\u00f6m\u00fcrgecili\u011fin bir \u00fcr\u00fcn\u00fc oldu\u011funu vurgulad\u0131.<\/p>\n<p>Hat\u0131rlanaca\u011f\u0131 \u00fczere M\u0131s\u0131r D\u0131\u015fi\u015fleri Bakan\u0131 Sameh \u015e\u00fckri de d\u00fcn yapt\u0131\u011f\u0131 konu\u015fmas\u0131nda I\u015e\u0130D ve di\u011fer radikal ter\u00f6r gruplar\u0131n\u0131n uygulamakta olduklar\u0131 ter\u00f6r ve vah\u015feti din maskesi alt\u0131nda gizlemeye \u00e7al\u0131\u015ft\u0131klar\u0131n\u0131 beyan etmi\u015fti.<\/p>\n","protected":false},"excerpt":{"rendered":"<p>KAH\u0130RE \u2013 \u015eeyh el Ezhar Ahmet el Tayyib; \u201cIrak ve \u015eam\u2019da \u0130slam Devleti\u201d (I\u015e\u0130D) ter\u00f6r \u00f6rg\u00fct\u00fc \u00fcyelerinin \u0130slam dininin g\u00f6r\u00fcnt\u00fcs\u00fcn\u00fc kirleten katiller olduklar\u0131n\u0131 dile getirerek bu \u00f6rg\u00fct\u00fcn Siyonist s\u00f6m\u00fcrgecili\u011fin bir \u00fcr\u00fcn\u00fc oldu\u011funun alt\u0131n\u0131 \u00e7izdi. Tayyib d\u00fcn yapt\u0131\u011f\u0131 bir konu\u015fmada; I\u015e\u0130D \u00fcyesi katillerin d\u00fcnya \u0130slamiyet\u2019e ili\u015fkin bozuk ve korkun\u00e7 bir izlenim yaymas\u0131n\u0131n \u00fcz\u00fcc\u00fc bir durum oldu\u011funa &hellip;<\/p>\n","protected":false},"author":1,"featured_media":9480,"comment_status":"closed","ping_status":"closed","sticky":false,"template":"","format":"standard","meta":{"footnotes":""},"categories":[458,459,447],"tags":[2131],"class_list":["post-9479","post","type-post","status-publish","format-standard","has-post-thumbnail","","category-dunya1","category-haberler-arap-uluslararasi-politika","category-politika","tag-isid-siyonizme-hizmet-eden-somurgeciligin-urunudur"],"_links":{"self":[{"href":"https:\/\/archive.sana.sy\/tr\/index.php?rest_route=\/wp\/v2\/posts\/9479","targetHints":{"allow":["GET"]}}],"collection":[{"href":"https:\/\/archive.sana.sy\/tr\/index.php?rest_route=\/wp\/v2\/posts"}],"about":[{"href":"https:\/\/archive.sana.sy\/tr\/index.php?rest_route=\/wp\/v2\/types\/post"}],"author":[{"embeddable":true,"href":"https:\/\/archive.sana.sy\/tr\/index.php?rest_route=\/wp\/v2\/users\/1"}],"replies":[{"embeddable":true,"href":"https:\/\/archive.sana.sy\/tr\/index.php?rest_route=%2Fwp%2Fv2%2Fcomments&post=9479"}],"version-history":[{"count":0,"href":"https:\/\/archive.sana.sy\/tr\/index.php?rest_route=\/wp\/v2\/posts\/9479\/revisions"}],"wp:featuredmedia":[{"embeddable":true,"href":"https:\/\/archive.sana.sy\/tr\/index.php?rest_route=\/wp\/v2\/media\/9480"}],"wp:attachment":[{"href":"https:\/\/archive.sana.sy\/tr\/index.php?rest_route=%2Fwp%2Fv2%2Fmedia&parent=9479"}],"wp:term":[{"taxonomy":"category","embeddable":true,"href":"https:\/\/archive.sana.sy\/tr\/index.php?rest_route=%2Fwp%2Fv2%2Fcategories&post=9479"},{"taxonomy":"post_tag","embeddable":true,"href":"https:\/\/archive.sana.sy\/tr\/index.php?rest_route=%2Fwp%2Fv2%2Ftags&post=9479"}],"curies":[{"name":"wp","href":"https:\/\/api.w.org\/{rel}","templated":true}]}}