{"id":94793,"date":"2016-11-14T11:13:26","date_gmt":"2016-11-14T09:13:26","guid":{"rendered":"http:\/\/www.sana.sy\/tr\/?p=94793"},"modified":"2016-11-14T11:13:26","modified_gmt":"2016-11-14T09:13:26","slug":"askeri-kaynak-ordu-birliklerimizin-lazkiye-kirsalinin-kuzeyi-hayat-mezrasi-civarinda-bir-teror-grubunun-uyelerini-olu-ve-yarali-dusurup-bir-araci-da-yukuyle-birlikte-tamamen-imha-ettiklerini-kaydetti","status":"publish","type":"post","link":"https:\/\/archive.sana.sy\/tr\/?p=94793","title":{"rendered":"Askeri kaynak; ordu birliklerimizin Lazkiye k\u0131rsal\u0131n\u0131n kuzeyi Hayat Mezras\u0131 civar\u0131nda bir ter\u00f6r grubunun \u00fcyelerini \u00f6l\u00fc ve yaral\u0131 d\u00fc\u015f\u00fcr\u00fcp bir arac\u0131 da y\u00fck\u00fcyle birlikte tamamen imha ettiklerini kaydetti"},"content":{"rendered":"<p>Askeri kaynak; ordu birliklerimizin Lazkiye k\u0131rsal\u0131n\u0131n kuzeyi Hayat Mezras\u0131 civar\u0131nda bir ter\u00f6r grubunun \u00fcyelerini \u00f6l\u00fc ve yaral\u0131 d\u00fc\u015f\u00fcr\u00fcp bir arac\u0131 da y\u00fck\u00fcyle birlikte tamamen imha ettiklerini kaydetti<\/p>\n","protected":false},"excerpt":{"rendered":"<p>Askeri kaynak; ordu birliklerimizin Lazkiye k\u0131rsal\u0131n\u0131n kuzeyi Hayat Mezras\u0131 civar\u0131nda bir ter\u00f6r grubunun \u00fcyelerini \u00f6l\u00fc ve yaral\u0131 d\u00fc\u015f\u00fcr\u00fcp bir arac\u0131 da y\u00fck\u00fcyle birlikte tamamen imha ettiklerini kaydetti<\/p>\n","protected":false},"author":1,"featured_media":0,"comment_status":"closed","ping_status":"closed","sticky":false,"template":"","format":"standard","meta":{"footnotes":""},"categories":[17991],"tags":[],"class_list":["post-94793","post","type-post","status-publish","format-standard","","category-son-dakika"],"_links":{"self":[{"href":"https:\/\/archive.sana.sy\/tr\/index.php?rest_route=\/wp\/v2\/posts\/94793","targetHints":{"allow":["GET"]}}],"collection":[{"href":"https:\/\/archive.sana.sy\/tr\/index.php?rest_route=\/wp\/v2\/posts"}],"about":[{"href":"https:\/\/archive.sana.sy\/tr\/index.php?rest_route=\/wp\/v2\/types\/post"}],"author":[{"embeddable":true,"href":"https:\/\/archive.sana.sy\/tr\/index.php?rest_route=\/wp\/v2\/users\/1"}],"replies":[{"embeddable":true,"href":"https:\/\/archive.sana.sy\/tr\/index.php?rest_route=%2Fwp%2Fv2%2Fcomments&post=94793"}],"version-history":[{"count":0,"href":"https:\/\/archive.sana.sy\/tr\/index.php?rest_route=\/wp\/v2\/posts\/94793\/revisions"}],"wp:attachment":[{"href":"https:\/\/archive.sana.sy\/tr\/index.php?rest_route=%2Fwp%2Fv2%2Fmedia&parent=94793"}],"wp:term":[{"taxonomy":"category","embeddable":true,"href":"https:\/\/archive.sana.sy\/tr\/index.php?rest_route=%2Fwp%2Fv2%2Fcategories&post=94793"},{"taxonomy":"post_tag","embeddable":true,"href":"https:\/\/archive.sana.sy\/tr\/index.php?rest_route=%2Fwp%2Fv2%2Ftags&post=94793"}],"curies":[{"name":"wp","href":"https:\/\/api.w.org\/{rel}","templated":true}]}}