{"id":94894,"date":"2016-11-14T13:10:35","date_gmt":"2016-11-14T11:10:35","guid":{"rendered":"http:\/\/www.sana.sy\/tr\/?p=94894"},"modified":"2016-11-14T15:45:40","modified_gmt":"2016-11-14T13:45:40","slug":"kaynak-nitelikli-operasyonda-teror-grubunun-tum-uyelerinin-kullandiklari-bir-arac-ve-cephaneyle-birlikte-tamamen-etkisiz-hale-getirildiklerini-aktardi","status":"publish","type":"post","link":"https:\/\/archive.sana.sy\/tr\/?p=94894","title":{"rendered":"Kaynak nitelikli operasyonda ter\u00f6r grubunun t\u00fcm \u00fcyelerinin kulland\u0131klar\u0131 bir ara\u00e7 ve cephaneyle birlikte tamamen etkisiz hale getirildiklerini aktard\u0131"},"content":{"rendered":"<p>Kaynak nitelikli operasyonda ter\u00f6r grubunun t\u00fcm \u00fcyelerinin kulland\u0131klar\u0131 bir ara\u00e7 ve cephaneyle birlikte tamamen etkisiz hale getirildiklerini aktard\u0131<\/p>\n","protected":false},"excerpt":{"rendered":"<p>Kaynak nitelikli operasyonda ter\u00f6r grubunun t\u00fcm \u00fcyelerinin kulland\u0131klar\u0131 bir ara\u00e7 ve cephaneyle birlikte tamamen etkisiz hale getirildiklerini aktard\u0131<\/p>\n","protected":false},"author":1,"featured_media":0,"comment_status":"closed","ping_status":"closed","sticky":false,"template":"","format":"standard","meta":{"footnotes":""},"categories":[17991],"tags":[],"class_list":["post-94894","post","type-post","status-publish","format-standard","","category-son-dakika"],"_links":{"self":[{"href":"https:\/\/archive.sana.sy\/tr\/index.php?rest_route=\/wp\/v2\/posts\/94894","targetHints":{"allow":["GET"]}}],"collection":[{"href":"https:\/\/archive.sana.sy\/tr\/index.php?rest_route=\/wp\/v2\/posts"}],"about":[{"href":"https:\/\/archive.sana.sy\/tr\/index.php?rest_route=\/wp\/v2\/types\/post"}],"author":[{"embeddable":true,"href":"https:\/\/archive.sana.sy\/tr\/index.php?rest_route=\/wp\/v2\/users\/1"}],"replies":[{"embeddable":true,"href":"https:\/\/archive.sana.sy\/tr\/index.php?rest_route=%2Fwp%2Fv2%2Fcomments&post=94894"}],"version-history":[{"count":0,"href":"https:\/\/archive.sana.sy\/tr\/index.php?rest_route=\/wp\/v2\/posts\/94894\/revisions"}],"wp:attachment":[{"href":"https:\/\/archive.sana.sy\/tr\/index.php?rest_route=%2Fwp%2Fv2%2Fmedia&parent=94894"}],"wp:term":[{"taxonomy":"category","embeddable":true,"href":"https:\/\/archive.sana.sy\/tr\/index.php?rest_route=%2Fwp%2Fv2%2Fcategories&post=94894"},{"taxonomy":"post_tag","embeddable":true,"href":"https:\/\/archive.sana.sy\/tr\/index.php?rest_route=%2Fwp%2Fv2%2Ftags&post=94894"}],"curies":[{"name":"wp","href":"https:\/\/api.w.org\/{rel}","templated":true}]}}