{"id":9491,"date":"2014-09-09T09:15:57","date_gmt":"2014-09-09T06:15:57","guid":{"rendered":"http:\/\/www.sana.sy\/tr\/?p=9491"},"modified":"2014-09-09T09:15:57","modified_gmt":"2014-09-09T06:15:57","slug":"sam-kirsalindaki-251-sanayi-tesisinin-maddi-zarari-32530-milyar-lira","status":"publish","type":"post","link":"https:\/\/archive.sana.sy\/tr\/?p=9491","title":{"rendered":"\u015eam K\u0131rsal\u0131ndaki 251 Sanayi Tesisinin Maddi Zarar\u0131 32,530 Milyar Lira"},"content":{"rendered":"<p>\u015eAM \u2013 \u015eam K\u0131rsal\u0131 Sanayi Odas\u0131 M\u00fcd\u00fcrl\u00fc\u011f\u00fc kentteki sanayi tesislerinin u\u011frad\u0131\u011f\u0131 maddi zararlar\u0131n yakla\u015f\u0131k 32,530 Milyar Suriye Liras\u0131 oldu\u011funu, bunun 28,441 Milyar\u0131n\u0131n do\u011frudan zarar, 4,089 Milyar Liras\u0131n\u0131n do\u011frudan olmayan zararlar oldu\u011funu ve bu zararlar\u0131n 251 \u015firkete ait oldu\u011funu takdir etti.<\/p>\n<p>\u015eam K\u0131rsal\u0131 Sanayi M\u00fcd\u00fcr\u00fc \u0130brahim Bukai SANA muhabirine a\u00e7\u0131klamas\u0131nda, Yerel \u0130dare Bakanl\u0131\u011f\u0131 taraf\u0131ndan takdir edilen bu zararlar\u0131n, g\u0131da sekt\u00f6r\u00fcnden 28, M\u00fchendislikten 55, tekstilden 86, kimyasaldan 85 ve ila\u00e7tan 7 \u015firket aras\u0131nda da\u011f\u0131ld\u0131\u011f\u0131n\u0131 a\u00e7\u0131klad\u0131.<\/p>\n<p>Bukai, \u00e7al\u0131\u015fma rakam\u0131n\u0131n % 75-80 oran\u0131nda d\u00fc\u015fmesi sebebiyle sat\u0131\u015f hacmine, sanayi yat\u0131r\u0131mlar\u0131n hacmine olumsuz bir \u015fekilde yans\u0131d\u0131\u011f\u0131n\u0131 bu sebeple maddelerdeki fiyatlar\u0131n kom\u015fu \u00fclkelerle k\u0131yasla artmas\u0131na neden oldu\u011funa i\u015faret etti.<\/p>\n<p>Bukai, sanayi sekt\u00f6r\u00fcn\u00fcn durmamas\u0131 ve vatanda\u015flar\u0131 daha fazla olumsuz bir \u015fekilde etkilememesi i\u00e7in sanayi tesislerin derhal g\u00fcvenli b\u00f6lgelere ta\u015f\u0131nmas\u0131 \u00f6nerisinde bulundu.<\/p>\n<p>Bukai ayr\u0131ca, g\u00fcvenli b\u00f6lgelerde bulunan sanayi tesislerin toplu bir \u015fekilde korunmas\u0131, g\u00fcvenli olmayan b\u00f6lgelerdeki tesis sahiplerinin tesislerini g\u00fcvenli b\u00f6lgelere ta\u015f\u0131mada yard\u0131mc\u0131 olunmas\u0131n\u0131, ta\u015f\u0131nmas\u0131 akabinde de imkan dahilinde yerel \u00fcretimin kay\u0131plar\u0131n\u0131 tedarik etmek amac\u0131yla tesisin 24 saat \u00e7al\u0131\u015ft\u0131r\u0131lmas\u0131 \u00f6nerisini de dile getirdi.<\/p>\n<p>Bukai, var olan \u00f6zel sanayi sekt\u00f6r\u00fcn\u00fc korumak amac\u0131yla haz\u0131rl\u0131k b\u00fcrosu kanal\u0131yla Sanayi Bakanl\u0131\u011f\u0131, Valilik ve Sanayi Odas\u0131yla daimi koordinasyonun zorunlulu\u011funu dile getirdi.<\/p>\n<p>&nbsp;<\/p>\n","protected":false},"excerpt":{"rendered":"<p>\u015eAM \u2013 \u015eam K\u0131rsal\u0131 Sanayi Odas\u0131 M\u00fcd\u00fcrl\u00fc\u011f\u00fc kentteki sanayi tesislerinin u\u011frad\u0131\u011f\u0131 maddi zararlar\u0131n yakla\u015f\u0131k 32,530 Milyar Suriye Liras\u0131 oldu\u011funu, bunun 28,441 Milyar\u0131n\u0131n do\u011frudan zarar, 4,089 Milyar Liras\u0131n\u0131n do\u011frudan olmayan zararlar oldu\u011funu ve bu zararlar\u0131n 251 \u015firkete ait oldu\u011funu takdir etti. \u015eam K\u0131rsal\u0131 Sanayi M\u00fcd\u00fcr\u00fc \u0130brahim Bukai SANA muhabirine a\u00e7\u0131klamas\u0131nda, Yerel \u0130dare Bakanl\u0131\u011f\u0131 taraf\u0131ndan takdir edilen &hellip;<\/p>\n","protected":false},"author":1,"featured_media":9492,"comment_status":"closed","ping_status":"closed","sticky":false,"template":"","format":"standard","meta":{"footnotes":""},"categories":[485,486,479,478],"tags":[2135,2134],"class_list":["post-9491","post","type-post","status-publish","format-standard","has-post-thumbnail","","category-is-ve-sermaye","category-haberler-is-ve-sermaye","category-haberler-yerel","category-yerel","tag-530-milyar-lira","tag-sam-kirsalindaki-251-sanayi-tesisinin-maddi-zarari-32"],"_links":{"self":[{"href":"https:\/\/archive.sana.sy\/tr\/index.php?rest_route=\/wp\/v2\/posts\/9491","targetHints":{"allow":["GET"]}}],"collection":[{"href":"https:\/\/archive.sana.sy\/tr\/index.php?rest_route=\/wp\/v2\/posts"}],"about":[{"href":"https:\/\/archive.sana.sy\/tr\/index.php?rest_route=\/wp\/v2\/types\/post"}],"author":[{"embeddable":true,"href":"https:\/\/archive.sana.sy\/tr\/index.php?rest_route=\/wp\/v2\/users\/1"}],"replies":[{"embeddable":true,"href":"https:\/\/archive.sana.sy\/tr\/index.php?rest_route=%2Fwp%2Fv2%2Fcomments&post=9491"}],"version-history":[{"count":0,"href":"https:\/\/archive.sana.sy\/tr\/index.php?rest_route=\/wp\/v2\/posts\/9491\/revisions"}],"wp:featuredmedia":[{"embeddable":true,"href":"https:\/\/archive.sana.sy\/tr\/index.php?rest_route=\/wp\/v2\/media\/9492"}],"wp:attachment":[{"href":"https:\/\/archive.sana.sy\/tr\/index.php?rest_route=%2Fwp%2Fv2%2Fmedia&parent=9491"}],"wp:term":[{"taxonomy":"category","embeddable":true,"href":"https:\/\/archive.sana.sy\/tr\/index.php?rest_route=%2Fwp%2Fv2%2Fcategories&post=9491"},{"taxonomy":"post_tag","embeddable":true,"href":"https:\/\/archive.sana.sy\/tr\/index.php?rest_route=%2Fwp%2Fv2%2Ftags&post=9491"}],"curies":[{"name":"wp","href":"https:\/\/api.w.org\/{rel}","templated":true}]}}