{"id":9496,"date":"2014-09-09T09:50:58","date_gmt":"2014-09-09T06:50:58","guid":{"rendered":"http:\/\/www.sana.sy\/tr\/?p=9496"},"modified":"2014-09-10T12:37:16","modified_gmt":"2014-09-10T09:37:16","slug":"laricani-bati-bolgemizi-hegemonyasi-altina-almak-icin-bolmek-istiyor","status":"publish","type":"post","link":"https:\/\/archive.sana.sy\/tr\/?p=9496","title":{"rendered":"\u201cFilistin Direni\u015fini Destekleme\u201d Konferans\u0131 Suriye\u2019nin Kat\u0131l\u0131m\u0131yla Ba\u015flad\u0131"},"content":{"rendered":"<p>TAHRAN \u2013\u0130ran\u2019\u0131n ba\u015fkenti Tahran\u2019da \u0130slam alimlerinin \u201cFilistin Direni\u015fini Destekleme\u201d konferans\u0131 bug\u00fcn Suriye\u2019nin kat\u0131l\u0131m\u0131yla ba\u015flad\u0131.<\/p>\n<p>D\u00fcnyan\u0131n \u00e7e\u015fitli b\u00f6lgelerinden 53 \u00fclkeyi temsil eden 200 \u0130slam alimi, akademisyen ve politikac\u0131n\u0131n kat\u0131l\u0131m\u0131yla ger\u00e7ekle\u015fen konferans i\u015fgal alt\u0131ndaki Filistin Direni\u015f\u2019ini destekleme, Gazze Filistinlileriyle dayan\u0131\u015fmay\u0131 hedefliyor.<\/p>\n<p><a href=\"http:\/\/www.sana.sy\/tr\/wp-content\/uploads\/2014\/09\/konferasn.jpg\"><img loading=\"lazy\" decoding=\"async\" class=\"alignright wp-image-9531 size-medium\" src=\"http:\/\/www.sana.sy\/tr\/wp-content\/uploads\/2014\/09\/konferasn-300x221.jpg\" alt=\"konferasn\" width=\"300\" height=\"221\" srcset=\"https:\/\/archive.sana.sy\/tr\/wp-content\/uploads\/2014\/09\/konferasn-300x221.jpg 300w, https:\/\/archive.sana.sy\/tr\/wp-content\/uploads\/2014\/09\/konferasn-150x110.jpg 150w, https:\/\/archive.sana.sy\/tr\/wp-content\/uploads\/2014\/09\/konferasn-1024x757.jpg 1024w\" sizes=\"auto, (max-width: 300px) 100vw, 300px\" \/><\/a>\u0130ran \u015eura Meclisi Ba\u015fkan\u0131 Ali Laricani konferans\u0131n a\u00e7\u0131l\u0131\u015f\u0131nda yapt\u0131\u011f\u0131 konu\u015fmada, bat\u0131n\u0131n hegemonyas\u0131 alt\u0131na almak i\u00e7in b\u00f6lgeyi b\u00f6lmek istedi\u011fini desiselerinin devam etti\u011fini ve bize kar\u015f\u0131 kullanmak i\u00e7in \u00f6rmekten vazge\u00e7meyece\u011fini vurgulad\u0131.<\/p>\n<p>Laricani, \u0130ran\u2019\u0131n kendisine \u00f6zellikle b\u00f6lgeyi hegemonyas\u0131 alt\u0131na almak isteyen bat\u0131 \u00f6n\u00fcnde casus istemedi\u011fini bilakis karde\u015f istedi\u011fini, \u0130slam \u00fclkelerinin kendisiyle i\u015fbirli\u011fiyle bat\u0131n\u0131n t\u0131rnaklar\u0131n\u0131n kesilece\u011fini a\u00e7\u0131klad\u0131.<\/p>\n<p>Laricani, Siyonist varl\u0131\u011f\u0131n kurulmas\u0131 alt yap\u0131s\u0131n\u0131 haz\u0131rlayan\u0131n bat\u0131 stratejisi oldu\u011funu, bat\u0131l\u0131 \u00fclkelerin bu varl\u0131\u011f\u0131 ortadan kald\u0131rmak i\u00e7in bir stratejiye sahip olmad\u0131\u011f\u0131na i\u015faret ederek, L\u00fcbnan ve Filistin\u2019deki direni\u015fin \u0130ran \u0130slam Cumhuriyeti Devrimi ve ideolojisinden ald\u0131\u011f\u0131 ilhamla orta do\u011funun gelece\u011finde etkili olaca\u011f\u0131n\u0131, \u0130srail sald\u0131r\u0131lar\u0131na kar\u015f\u0131 direni\u015f zaferlerinden dersler al\u0131nmas\u0131 zorunlulu\u011funu vurgulad\u0131.<\/p>\n<p>\u0130ran \u015eura Meclisi Ba\u015fkan\u0131, halklar\u0131n ayd\u0131nlat\u0131lmas\u0131n\u0131n tarihi bir g\u00f6rev oldu\u011funu ve din alimlerinin de bu \u015fartlarda Siyonist varl\u0131\u011fa kar\u015f\u0131 m\u00fccadelede \u0130slami uyan\u0131\u015fa liderlik edebileceklerini belirtti.<\/p>\n","protected":false},"excerpt":{"rendered":"<p>TAHRAN \u2013\u0130ran\u2019\u0131n ba\u015fkenti Tahran\u2019da \u0130slam alimlerinin \u201cFilistin Direni\u015fini Destekleme\u201d konferans\u0131 bug\u00fcn Suriye\u2019nin kat\u0131l\u0131m\u0131yla ba\u015flad\u0131. D\u00fcnyan\u0131n \u00e7e\u015fitli b\u00f6lgelerinden 53 \u00fclkeyi temsil eden 200 \u0130slam alimi, akademisyen ve politikac\u0131n\u0131n kat\u0131l\u0131m\u0131yla ger\u00e7ekle\u015fen konferans i\u015fgal alt\u0131ndaki Filistin Direni\u015f\u2019ini destekleme, Gazze Filistinlileriyle dayan\u0131\u015fmay\u0131 hedefliyor. \u0130ran \u015eura Meclisi Ba\u015fkan\u0131 Ali Laricani konferans\u0131n a\u00e7\u0131l\u0131\u015f\u0131nda yapt\u0131\u011f\u0131 konu\u015fmada, bat\u0131n\u0131n hegemonyas\u0131 alt\u0131na almak i\u00e7in b\u00f6lgeyi &hellip;<\/p>\n","protected":false},"author":1,"featured_media":9497,"comment_status":"closed","ping_status":"closed","sticky":false,"template":"","format":"standard","meta":{"footnotes":""},"categories":[458,459,447],"tags":[2144,2137],"class_list":["post-9496","post","type-post","status-publish","format-standard","has-post-thumbnail","","category-dunya1","category-haberler-arap-uluslararasi-politika","category-politika","tag-filistin-direnisini-destekleme-konferansi-suriyenin-katilimiyla-basladi","tag-laricani-bati-bolgemizi-hegemonyasi-altina-almak-icin-bolmek-istiyor"],"_links":{"self":[{"href":"https:\/\/archive.sana.sy\/tr\/index.php?rest_route=\/wp\/v2\/posts\/9496","targetHints":{"allow":["GET"]}}],"collection":[{"href":"https:\/\/archive.sana.sy\/tr\/index.php?rest_route=\/wp\/v2\/posts"}],"about":[{"href":"https:\/\/archive.sana.sy\/tr\/index.php?rest_route=\/wp\/v2\/types\/post"}],"author":[{"embeddable":true,"href":"https:\/\/archive.sana.sy\/tr\/index.php?rest_route=\/wp\/v2\/users\/1"}],"replies":[{"embeddable":true,"href":"https:\/\/archive.sana.sy\/tr\/index.php?rest_route=%2Fwp%2Fv2%2Fcomments&post=9496"}],"version-history":[{"count":0,"href":"https:\/\/archive.sana.sy\/tr\/index.php?rest_route=\/wp\/v2\/posts\/9496\/revisions"}],"wp:featuredmedia":[{"embeddable":true,"href":"https:\/\/archive.sana.sy\/tr\/index.php?rest_route=\/wp\/v2\/media\/9497"}],"wp:attachment":[{"href":"https:\/\/archive.sana.sy\/tr\/index.php?rest_route=%2Fwp%2Fv2%2Fmedia&parent=9496"}],"wp:term":[{"taxonomy":"category","embeddable":true,"href":"https:\/\/archive.sana.sy\/tr\/index.php?rest_route=%2Fwp%2Fv2%2Fcategories&post=9496"},{"taxonomy":"post_tag","embeddable":true,"href":"https:\/\/archive.sana.sy\/tr\/index.php?rest_route=%2Fwp%2Fv2%2Ftags&post=9496"}],"curies":[{"name":"wp","href":"https:\/\/api.w.org\/{rel}","templated":true}]}}