{"id":95043,"date":"2016-11-16T11:00:08","date_gmt":"2016-11-16T09:00:08","guid":{"rendered":"http:\/\/www.sana.sy\/tr\/?p=95043"},"modified":"2016-11-18T12:59:57","modified_gmt":"2016-11-18T10:59:57","slug":"insan-haklarindan-soz-edecek-son-taraf-suudi-arabistandir","status":"publish","type":"post","link":"https:\/\/archive.sana.sy\/tr\/?p=95043","title":{"rendered":"\u0130nsan Haklar\u0131ndan S\u00f6z Edecek Son Taraf Suudi Arabistan\u2019d\u0131r"},"content":{"rendered":"<p>NEW YORK \u2013 Birle\u015fmi\u015f Milletlerde Suriye daimi temsilcisi Be\u015f\u015far el Caferi; Suudi Arabistan\u2019\u0131n, efendileri ve i\u015fverenlerinin yerine niyabetten BM\u2019de Suriye&#8217;de insan haklar\u0131na ili\u015fkin bir karar tasar\u0131s\u0131 takdim etmesinin tam anlam\u0131yla mant\u0131ks\u0131z bir garipsenecek bir durum oldu\u011funu belirtti.<\/p>\n<p>BM genel kurulunda insan haklar\u0131na ili\u015fkin komitenin s\u00f6z konusu karar tasar\u0131s\u0131n\u0131 tart\u0131\u015ft\u0131\u011f\u0131 oturumda Suriye ad\u0131na okudu\u011fu beyanda Caferi; Suudi Arabistan\u2019da insan haklar\u0131, sahip oldu\u011fu anayasa ve insan haklar\u0131 kanunlar\u0131ndaki yobazl\u0131\u011f\u0131, vatanda\u015flar\u0131na ve yabanc\u0131lara kar\u015f\u0131 icraatlar\u0131ndaki insan haklar\u0131 ihlallerinden dolay\u0131 BM\u2019de insan haklar\u0131 konusunda s\u00f6z edebilecek d\u00fcnyan\u0131n son rejimi oldu\u011funun alt\u0131n\u0131 \u00e7izdi.<\/p>\n<p>Caferi, Suudi Arabistan\u2019\u0131n Suriye\u2019de insan haklar\u0131na ili\u015fkin s\u00f6zde kendisi takdim etti\u011fi karar tasar\u0131s\u0131nda mevcut bentleri kendi \u00fclkesinde ve kendi vatanda\u015flar\u0131na uygulamaya haz\u0131r olup olmad\u0131\u011f\u0131n\u0131 sorgulad\u0131. Sahip olmad\u0131\u011f\u0131 bir \u015feyden s\u00f6z etmenin ne derecede mant\u0131ks\u0131z oldu\u011funa dikkat \u00e7eken Caferi, ahlaki a\u00e7\u0131dan da konuya dikkat \u00e7ekerek karar tasar\u0131s\u0131nda yer alan maddelerin Suudi rejimi ve uygulamalar\u0131na ne derecede uzak oldu\u011funun alt\u0131n\u0131 \u00e7izdi.<\/p>\n<p>Al Suud ve Al Thani rejimlerinin Suriye halk\u0131na y\u00f6nelik ter\u00f6re ne derecede bula\u015ft\u0131klar\u0131n\u0131n kan\u0131tlarla tespit edilmi\u015f olup d\u00fcnya kamuoyu taraf\u0131ndan bilindi\u011fine vurgu yapan Caferi; buna ilaveten anayasa, kanun ve d\u00fczenlemelerinin de ne derecede yobaz oldu\u011funun da d\u00fcnya taraf\u0131ndan bilindi\u011finin alt\u0131n\u0131 \u00e7izdi.<\/p>\n<p>Caferi Suudi Rejiminin sahip oldu\u011fu Vahhabi ideolojisine de dikkat \u00e7ekerken, bu ideolojinin insan haklar\u0131na, medeniyete, k\u00fclt\u00fcre ve insani de\u011ferlere olumsuz yakla\u015f\u0131m\u0131na \u0131\u015f\u0131k tuttu.<\/p>\n<p>Suudi rejimi ve i\u015fverenlerinin bu karar tasar\u0131s\u0131yla Suriye ordusunun ter\u00f6re kar\u015f\u0131 zaferleri kar\u015f\u0131s\u0131nda d\u00fc\u015ft\u00fckleri siyasi iflas ve histerik durumu ortaya serdi\u011fini belirten Caferi; Suudi rejiminin tarihi boyunca radikal ter\u00f6re deste\u011fi ve d\u00fcnya genelinde yay\u0131lmas\u0131ndaki rol\u00fcne \u0131\u015f\u0131k tuttu.<\/p>\n","protected":false},"excerpt":{"rendered":"<p>NEW YORK \u2013 Birle\u015fmi\u015f Milletlerde Suriye daimi temsilcisi Be\u015f\u015far el Caferi; Suudi Arabistan\u2019\u0131n, efendileri ve i\u015fverenlerinin yerine niyabetten BM\u2019de Suriye&#8217;de insan haklar\u0131na ili\u015fkin bir karar tasar\u0131s\u0131 takdim etmesinin tam anlam\u0131yla mant\u0131ks\u0131z bir garipsenecek bir durum oldu\u011funu belirtti. BM genel kurulunda insan haklar\u0131na ili\u015fkin komitenin s\u00f6z konusu karar tasar\u0131s\u0131n\u0131 tart\u0131\u015ft\u0131\u011f\u0131 oturumda Suriye ad\u0131na okudu\u011fu beyanda Caferi; &hellip;<\/p>\n","protected":false},"author":1,"featured_media":95044,"comment_status":"closed","ping_status":"closed","sticky":false,"template":"","format":"standard","meta":{"footnotes":""},"categories":[458,459,17988],"tags":[25293,20319,25292,2733,18648,25294],"class_list":["post-95043","post","type-post","status-publish","format-standard","has-post-thumbnail","","category-dunya1","category-haberler-arap-uluslararasi-politika","category-son-haberler","tag-bessar-caferi","tag-insan-haklari","tag-insan-haklarindan-soz-edecek-son-taraf-suudi-arabistandir","tag-suudi-arabistan","tag-vahhabilik","tag-yobazlik"],"_links":{"self":[{"href":"https:\/\/archive.sana.sy\/tr\/index.php?rest_route=\/wp\/v2\/posts\/95043","targetHints":{"allow":["GET"]}}],"collection":[{"href":"https:\/\/archive.sana.sy\/tr\/index.php?rest_route=\/wp\/v2\/posts"}],"about":[{"href":"https:\/\/archive.sana.sy\/tr\/index.php?rest_route=\/wp\/v2\/types\/post"}],"author":[{"embeddable":true,"href":"https:\/\/archive.sana.sy\/tr\/index.php?rest_route=\/wp\/v2\/users\/1"}],"replies":[{"embeddable":true,"href":"https:\/\/archive.sana.sy\/tr\/index.php?rest_route=%2Fwp%2Fv2%2Fcomments&post=95043"}],"version-history":[{"count":0,"href":"https:\/\/archive.sana.sy\/tr\/index.php?rest_route=\/wp\/v2\/posts\/95043\/revisions"}],"wp:featuredmedia":[{"embeddable":true,"href":"https:\/\/archive.sana.sy\/tr\/index.php?rest_route=\/wp\/v2\/media\/95044"}],"wp:attachment":[{"href":"https:\/\/archive.sana.sy\/tr\/index.php?rest_route=%2Fwp%2Fv2%2Fmedia&parent=95043"}],"wp:term":[{"taxonomy":"category","embeddable":true,"href":"https:\/\/archive.sana.sy\/tr\/index.php?rest_route=%2Fwp%2Fv2%2Fcategories&post=95043"},{"taxonomy":"post_tag","embeddable":true,"href":"https:\/\/archive.sana.sy\/tr\/index.php?rest_route=%2Fwp%2Fv2%2Ftags&post=95043"}],"curies":[{"name":"wp","href":"https:\/\/api.w.org\/{rel}","templated":true}]}}