{"id":95053,"date":"2016-11-16T12:00:50","date_gmt":"2016-11-16T10:00:50","guid":{"rendered":"http:\/\/www.sana.sy\/tr\/?p=95053"},"modified":"2016-11-18T12:59:24","modified_gmt":"2016-11-18T10:59:24","slug":"oana-genel-kurulu-konferansi-sananin-katilimiyla-basladi","status":"publish","type":"post","link":"https:\/\/archive.sana.sy\/tr\/?p=95053","title":{"rendered":"OANA Genel Kurulu Konferans\u0131 SANA\u2019n\u0131n Kat\u0131l\u0131m\u0131yla Ba\u015flad\u0131"},"content":{"rendered":"<p>BAK\u00dc \u2013 Asya-Pasifik Haber Ajanslar\u0131 Birli\u011fi (OANA) Genel Kurul Konferans\u0131 Suriye Arap haber Ajans\u0131 SANA\u2019n\u0131n kat\u0131l\u0131m\u0131yla bug\u00fcn Azerbaycan\u2019\u0131n ev sahipli\u011finde ba\u015fkent Bak\u00fc\u2019de \u00e7al\u0131\u015fmalar\u0131na ba\u015flad\u0131.<\/p>\n<p>1961 y\u0131l\u0131nda UNESCO\u2019nun haber ajanslar\u0131 aras\u0131nda haber al\u0131\u015fveri\u015fine destek amac\u0131yla kurulan OANA; 35 \u00fclkeden 43 haber ajans\u0131n\u0131n \u00fcyeli\u011finden olu\u015fuyor.<\/p>\n<p>OANA\u2019n\u0131n kurucu \u00fcyelerinden biri say\u0131lan SANA, genel kurul toplant\u0131lar\u0131na Genel M\u00fcd\u00fcr\u00fc Ahmet Davva ile kat\u0131l\u0131yor.<\/p>\n","protected":false},"excerpt":{"rendered":"<p>BAK\u00dc \u2013 Asya-Pasifik Haber Ajanslar\u0131 Birli\u011fi (OANA) Genel Kurul Konferans\u0131 Suriye Arap haber Ajans\u0131 SANA\u2019n\u0131n kat\u0131l\u0131m\u0131yla bug\u00fcn Azerbaycan\u2019\u0131n ev sahipli\u011finde ba\u015fkent Bak\u00fc\u2019de \u00e7al\u0131\u015fmalar\u0131na ba\u015flad\u0131. 1961 y\u0131l\u0131nda UNESCO\u2019nun haber ajanslar\u0131 aras\u0131nda haber al\u0131\u015fveri\u015fine destek amac\u0131yla kurulan OANA; 35 \u00fclkeden 43 haber ajans\u0131n\u0131n \u00fcyeli\u011finden olu\u015fuyor. OANA\u2019n\u0131n kurucu \u00fcyelerinden biri say\u0131lan SANA, genel kurul toplant\u0131lar\u0131na Genel M\u00fcd\u00fcr\u00fc Ahmet &hellip;<\/p>\n","protected":false},"author":1,"featured_media":95054,"comment_status":"closed","ping_status":"closed","sticky":false,"template":"","format":"standard","meta":{"footnotes":""},"categories":[458,459,17988],"tags":[25300,25301,25299],"class_list":["post-95053","post","type-post","status-publish","format-standard","has-post-thumbnail","","category-dunya1","category-haberler-arap-uluslararasi-politika","category-son-haberler","tag-asya-pasifik-haber-ajanslari-birligi-oana-genel-kurul-konferansi-suriye-arap-haber-ajansi-sana","tag-baku","tag-oana-genel-kurulu-konferansi-sananin-katilimiyla-basladi"],"_links":{"self":[{"href":"https:\/\/archive.sana.sy\/tr\/index.php?rest_route=\/wp\/v2\/posts\/95053","targetHints":{"allow":["GET"]}}],"collection":[{"href":"https:\/\/archive.sana.sy\/tr\/index.php?rest_route=\/wp\/v2\/posts"}],"about":[{"href":"https:\/\/archive.sana.sy\/tr\/index.php?rest_route=\/wp\/v2\/types\/post"}],"author":[{"embeddable":true,"href":"https:\/\/archive.sana.sy\/tr\/index.php?rest_route=\/wp\/v2\/users\/1"}],"replies":[{"embeddable":true,"href":"https:\/\/archive.sana.sy\/tr\/index.php?rest_route=%2Fwp%2Fv2%2Fcomments&post=95053"}],"version-history":[{"count":0,"href":"https:\/\/archive.sana.sy\/tr\/index.php?rest_route=\/wp\/v2\/posts\/95053\/revisions"}],"wp:featuredmedia":[{"embeddable":true,"href":"https:\/\/archive.sana.sy\/tr\/index.php?rest_route=\/wp\/v2\/media\/95054"}],"wp:attachment":[{"href":"https:\/\/archive.sana.sy\/tr\/index.php?rest_route=%2Fwp%2Fv2%2Fmedia&parent=95053"}],"wp:term":[{"taxonomy":"category","embeddable":true,"href":"https:\/\/archive.sana.sy\/tr\/index.php?rest_route=%2Fwp%2Fv2%2Fcategories&post=95053"},{"taxonomy":"post_tag","embeddable":true,"href":"https:\/\/archive.sana.sy\/tr\/index.php?rest_route=%2Fwp%2Fv2%2Ftags&post=95053"}],"curies":[{"name":"wp","href":"https:\/\/api.w.org\/{rel}","templated":true}]}}