{"id":9509,"date":"2014-09-09T11:10:54","date_gmt":"2014-09-09T08:10:54","guid":{"rendered":"http:\/\/www.sana.sy\/tr\/?p=9509"},"modified":"2014-09-09T11:10:54","modified_gmt":"2014-09-09T08:10:54","slug":"askeri-kaynak-ordu-birliklerimizin-kunaytra-kirsali-um-batina-beldesinde-teroristlerin-bir-toplanma-merkezlerini-hedef-aldiklarini-icindeki-teroristlerle-beraber-6-araci-da-etkisiz-hale-getirdikleri","status":"publish","type":"post","link":"https:\/\/archive.sana.sy\/tr\/?p=9509","title":{"rendered":"Askeri kaynak, ordu birliklerimizin Kunaytra k\u0131rsal\u0131 Um Bat\u0131na Beldesinde ter\u00f6ristlerin bir toplanma merkezlerini hedef ald\u0131klar\u0131n\u0131, i\u00e7indeki ter\u00f6ristlerle beraber 6 arac\u0131 da etkisiz hale getirdiklerini s\u00f6yledi."},"content":{"rendered":"<p>Askeri kaynak, ordu birliklerimizin Kunaytra k\u0131rsal\u0131 Um Bat\u0131na Beldesinde ter\u00f6ristlerin bir toplanma merkezlerini hedef ald\u0131klar\u0131n\u0131, i\u00e7indeki ter\u00f6ristlerle beraber 6 arac\u0131 da etkisiz hale getirdiklerini s\u00f6yledi.<\/p>\n","protected":false},"excerpt":{"rendered":"<p>Askeri kaynak, ordu birliklerimizin Kunaytra k\u0131rsal\u0131 Um Bat\u0131na Beldesinde ter\u00f6ristlerin bir toplanma merkezlerini hedef ald\u0131klar\u0131n\u0131, i\u00e7indeki ter\u00f6ristlerle beraber 6 arac\u0131 da etkisiz hale getirdiklerini s\u00f6yledi.<\/p>\n","protected":false},"author":1,"featured_media":0,"comment_status":"closed","ping_status":"closed","sticky":false,"template":"","format":"standard","meta":{"footnotes":""},"categories":[1],"tags":[1031,2140,2139],"class_list":["post-9509","post","type-post","status-publish","format-standard","","category-news-not-sorted","tag-askeri-kaynak","tag-icindeki-teroristlerle-beraber-6-araci-da-etkisiz-hale-getirdiklerini-soyledi","tag-ordu-birliklerimizin-kunaytra-kirsali-um-batina-beldesinde-teroristlerin-bir-toplanma-merkezlerini-hedef-aldiklarini"],"_links":{"self":[{"href":"https:\/\/archive.sana.sy\/tr\/index.php?rest_route=\/wp\/v2\/posts\/9509","targetHints":{"allow":["GET"]}}],"collection":[{"href":"https:\/\/archive.sana.sy\/tr\/index.php?rest_route=\/wp\/v2\/posts"}],"about":[{"href":"https:\/\/archive.sana.sy\/tr\/index.php?rest_route=\/wp\/v2\/types\/post"}],"author":[{"embeddable":true,"href":"https:\/\/archive.sana.sy\/tr\/index.php?rest_route=\/wp\/v2\/users\/1"}],"replies":[{"embeddable":true,"href":"https:\/\/archive.sana.sy\/tr\/index.php?rest_route=%2Fwp%2Fv2%2Fcomments&post=9509"}],"version-history":[{"count":0,"href":"https:\/\/archive.sana.sy\/tr\/index.php?rest_route=\/wp\/v2\/posts\/9509\/revisions"}],"wp:attachment":[{"href":"https:\/\/archive.sana.sy\/tr\/index.php?rest_route=%2Fwp%2Fv2%2Fmedia&parent=9509"}],"wp:term":[{"taxonomy":"category","embeddable":true,"href":"https:\/\/archive.sana.sy\/tr\/index.php?rest_route=%2Fwp%2Fv2%2Fcategories&post=9509"},{"taxonomy":"post_tag","embeddable":true,"href":"https:\/\/archive.sana.sy\/tr\/index.php?rest_route=%2Fwp%2Fv2%2Ftags&post=9509"}],"curies":[{"name":"wp","href":"https:\/\/api.w.org\/{rel}","templated":true}]}}