{"id":9511,"date":"2014-09-10T08:38:38","date_gmt":"2014-09-10T05:38:38","guid":{"rendered":"http:\/\/www.sana.sy\/tr\/?p=9511"},"modified":"2014-09-10T11:33:01","modified_gmt":"2014-09-10T08:33:01","slug":"terorle-mucadele-muhtelif-bolgelerde-tum-hiziyla-suruyor-2","status":"publish","type":"post","link":"https:\/\/archive.sana.sy\/tr\/?p=9511","title":{"rendered":"Ter\u00f6rle M\u00fccadele Muhtelif B\u00f6lgelerde T\u00fcm H\u0131z\u0131yla S\u00fcr\u00fcyor"},"content":{"rendered":"<p>\u0130LLER \u2013 Kahraman ordu birliklerimizin kiral\u0131k ve hain ter\u00f6ristlere y\u00f6nelik operasyonlar\u0131n\u0131 muhtelif b\u00f6lgelerde t\u00fcm h\u0131z\u0131yla s\u00fcrd\u00fcrerek \u00e7ok say\u0131da ter\u00f6risti \u00f6l\u00fc ve yaral\u0131 d\u00fc\u015f\u00fcrd\u00fc, h\u00fccreleri ve a\u011f\u0131r taramal\u0131 silahlarla donan\u0131ml\u0131 ara\u00e7lar\u0131n\u0131 da etkisiz hale getirdi.<\/p>\n<p><span style=\"color: #0000ff\">\u015eam K\u0131rsal\u0131nda S\u0131zma Giri\u015fimleri \u00c7\u00f6kertildi<\/span><\/p>\n<p>Askeri kaynak, ordu birliklerimizin \u015eam K\u0131rsal\u0131 Han el \u015eih al Hammara\u2019dan el Selam Otoban\u0131na do\u011fru ter\u00f6ristlerin s\u0131zma giri\u015fimlerini \u00e7\u00f6kerttiklerini baz\u0131 ter\u00f6ristleri de \u00f6l\u00fc ve yaral\u0131 d\u00fc\u015f\u00fcrd\u00fcklerini s\u00f6yledi.<\/p>\n<p>\u015eam k\u0131rsal\u0131n\u0131n Ayn Terma ve Duhhaniye Beldesi civar\u0131na ilaveten Cobar B\u00f6lgesinde \u00e7ok say\u0131da ter\u00f6risti \u00f6l\u00fc yaral\u0131 d\u00fc\u015f\u00fcren ordu birliklerimiz, karargah, ara\u00e7 ve silahlar\u0131n\u0131 da imha etti.<\/p>\n<p>Askeri kaynak ordu birliklerimizin \u015eam k\u0131rsal\u0131 Kebbas ve Duhahniye b\u00f6lgelerinde ter\u00f6ristlere ait u\u00e7aksavar tipi a\u011f\u0131r makineli silahla donat\u0131lm\u0131\u015f 3 ara\u0131 beraberlerindeki ter\u00f6ristlerle birlikte imha ettiklerini belirtirken, Do\u011fu \u011euta\u2019n\u0131n derinliklerinden destek ama\u00e7l\u0131 olarak gelmeye \u00e7al\u0131\u015fan ter\u00f6rist ve cephane y\u00fckl\u00fc bir\u00e7ok ara\u00e7lar\u0131n\u0131 da imha ettiklerini belirtti.<\/p>\n<p>Covbar, Harasta, Zebdin ve Ne\u015fabiye b\u00f6lgelerinde d\u00fczenlenen operasyonlar kapsam\u0131nda ter\u00f6ristlere ait b\u00fcy\u00fck miktarda silah ve m\u00fchimmat\u0131n imha edildi\u011fini ifade eden kaynak ayr\u0131ca buralarta bir\u00e7ok terror yuvas\u0131n\u0131n da yok edildi\u011fini belirtti.<\/p>\n<p>Kaynak operasyonlar kapsam\u0131nda meydana gelen \u00e7at\u0131\u015fmalarda \u00e7o\u011fu yabanc\u0131 uyruklu onlarca ter\u00f6ristin \u00f6l\u00fc ve yaral\u0131 olarak ele ge\u00e7irildi\u011finin alt\u0131n\u0131 \u00e7izdi.<\/p>\n<p>Cobar Cephesinden kareler:<\/p>\n<div style=\"width: 618px;\" class=\"wp-video\"><!--[if lt IE 9]><script>document.createElement('video');<\/script><![endif]-->\n<video class=\"wp-video-shortcode\" id=\"video-9511-1\" width=\"618\" height=\"348\" preload=\"metadata\" controls=\"controls\"><source type=\"video\/x-flv\" src=\"http:\/\/www.sana.sy\/tr\/wp-content\/uploads\/2014\/09\/Cobar1.flv?_=1\" \/><a href=\"http:\/\/www.sana.sy\/tr\/wp-content\/uploads\/2014\/09\/Cobar1.flv\">http:\/\/www.sana.sy\/tr\/wp-content\/uploads\/2014\/09\/Cobar1.flv<\/a><\/video><\/div>\n<p><span style=\"color: #0000ff\">Kunaytra K\u0131rsal\u0131nda Toplanma Merkezleri Hedef Al\u0131nd\u0131<\/span><\/p>\n<p>Askeri kaynak, ordu birliklerimizin Kunaytra k\u0131rsal\u0131 Um Bat\u0131na Beldesinde ter\u00f6ristlerin bir toplanma merkezlerini hedef ald\u0131klar\u0131n\u0131, i\u00e7indeki ter\u00f6ristlerle beraber 6 arac\u0131 da etkisiz hale getirdiklerini s\u00f6yledi.<\/p>\n<p>Kunaytra k\u0131rsal\u0131 Nebii el Sahra ve Meshara b\u00f6lgelerinde Nusra Cephesinin karargahlar\u0131n\u0131 hedef alan ordu birliklerimiz, karargahlarda bulunan ter\u00f6rist ve ter\u00f6r ara\u00e7lar\u0131 etkisiz hale getirdi.<\/p>\n<p><span style=\"color: #0000ff\">Halep ve K\u0131rsal\u0131nda Silah Deposu ile Ara\u00e7lar\u0131 \u0130mha Edildi<\/span><\/p>\n<p>Askeri kaynak, ordu birliklerimizin Halep ve k\u0131rsal\u0131n\u0131n Deyr Hafer\u2019in do\u011fusu, Abla, T\u00fcrmen Bareh, Zirbe, Salahiye Mezras\u0131, Cebbul, Uveyca, el Mellah Mezralar\u0131, kebbara, Halidiye ve Seyf el Devle\u2019de ter\u00f6ristlerin toplanma merkzlerini hedef almalar\u0131 sonucunda \u00e7ok say\u0131da ter\u00f6ristin \u00f6l\u00fc ve yaral\u0131 d\u00fc\u015f\u00fcr\u00fcld\u00fc\u011f\u00fcn\u00fc baz\u0131lar\u0131 a\u011f\u0131r taramal\u0131 silahlarla donat\u0131lm\u0131\u015f bir ka\u00e7 ara\u00e7lar\u0131n\u0131 da imha ettiklerini s\u00f6yledi.<\/p>\n<p>Bu operasyonlara paralel olarak ordu birliklerimiz, Merkez Cezaevi yak\u0131nlar\u0131nda baz\u0131 ter\u00f6ristleri, Halep k\u0131rsal\u0131 Cubeyle\u2019de a\u011f\u0131r taramal\u0131 silahlarla donan\u0131ml\u0131 2 arac\u0131, el Neyreb K\u00f6pr\u00fcs\u00fc bat\u0131s\u0131nda da \u00e7ok say\u0131da ter\u00f6risti etkisiz hale getirdi.<\/p>\n<p><span style=\"color: #0000ff\">\u0130dlib K\u0131rsal\u0131nda Onlarca Ter\u00f6rist \u00d6ld\u00fcr\u00fcld\u00fc<\/span><\/p>\n<p>Askeri kaynak ordu birliklerimizin \u0130dlib k\u0131rsal\u0131n\u0131n Kefarlata, Kefarnecd, Feylun, \u015eaflah, Tel Dinit, Kmeynas, Ebu el Zuhur, Talab, Havta ve Kali el \u011eazel b\u00f6lgelerinde ter\u00f6ristlerin yuvalanma, k\u00fcmelenme ve karargahlar\u0131n\u0131 hedef ald\u0131klar\u0131n\u0131 belirtti. Kaynak operasyonlarda y\u00fcksek say\u0131da ter\u00f6ristin su\u00e7 edatlar\u0131 ve ara\u00e7lar\u0131yla etkisiz hale getirildiklerini aktard\u0131.<\/p>\n<p>Askeri kaynak ordu birliklerimizin \u0130dlib k\u0131rsal\u0131 Serakib, Han \u015eeyhun, Muarrat el Numan ve el Arbain Da\u011f\u0131 civarlar\u0131nda ter\u00f6ristlerin k\u00fcmelenme yerlerini hedef alarak aralar\u0131nda yabanc\u0131lar\u0131n bulundu\u011fu \u00e7ok say\u0131da ter\u00f6risti \u00f6l\u00fc yaral\u0131 d\u00fc\u015f\u00fcrd\u00fc\u011f\u00fcn\u00fc belirtti.<\/p>\n<p><span style=\"color: #0000ff\">Lazkiye K\u0131rsal\u0131nda Silah-M\u00fchimmat Y\u00fckl\u00fc 3 Ara\u00e7 \u0130mha Edildi<\/span><\/p>\n<p>Lazkiye K\u0131rsal\u0131n\u0131n Han el Cevz ve Beradun Baraj\u0131 yak\u0131nlar\u0131nda d\u00fczenlenen operasyonlarda bir\u00e7ok ter\u00f6r yuvas\u0131n\u0131n y\u0131k\u0131ld\u0131\u011f\u0131n\u0131 dile getiren kaynak; buralarda meydana gelen \u00e7at\u0131\u015fmalarda bir\u00e7ok ter\u00f6ristin \u00f6ld\u00fcr\u00fcld\u00fc\u011f\u00fcn\u00fc ve silah-m\u00fchimmat y\u00fckl\u00fc \u00fc\u00e7 arac\u0131n imha edildi\u011fini belirtti.<\/p>\n<p>Kaynak burada \u00f6ld\u00fcr\u00fclen ter\u00f6ristler aras\u0131nda isimleri arananlar listesinin ba\u015f\u0131nda yer alan bir\u00e7ok az\u0131l\u0131 eleba\u015f\u0131n\u0131n bulundu\u011funun alt\u0131n\u0131 \u00e7izdi.<\/p>\n<p><span style=\"color: #0000ff\">Dera K\u0131rsal\u0131nda H\u00fccreleri \u00c7\u00f6kertildi Z\u0131rhl\u0131 Ara\u00e7lar\u0131 \u0130mha Edildi<\/span><\/p>\n<p>Askeri kaynak, ordu birliklerimizin Dera k\u0131rsal\u0131 Atman ve Tafas Beldeleri aras\u0131nda baz\u0131 ter\u00f6ristleri \u00f6ld\u00fcrd\u00fcklerini kulland\u0131klar\u0131 5 motosikleti de imha ettiklerini s\u00f6yledi.<\/p>\n<p>Kaynak, ordu birliklerimizin Tafas, Museyke, Nuayme Beldesinde Center binas\u0131n\u0131n do\u011fusu ve Hurbat el Mleyha\u2019n\u0131n bat\u0131s\u0131, Cize Beldesi ve Neva kentinde \u00e7ok say\u0131da ter\u00f6risti \u00f6l\u00fc ve yaral\u0131 d\u00fc\u015f\u00fcrd\u00fcklerini s\u00f6yledi.<\/p>\n<p>Kaynak, kahraman birliklerimizin, Dera k\u0131rsal\u0131nda biri Semlin y\u00f6n\u00fcnden Zemrin Beldesinin g\u00fcneydo\u011fu taraflar\u0131na, di\u011feriyse Neva Beldesindeki askeri noktalara s\u0131zma giri\u015fimlerini \u00e7\u00f6kerterek \u00e7ok say\u0131da ter\u00f6risti \u00f6l\u00fc ve yaral\u0131 d\u00fc\u015f\u00fcrd\u00fcklerini belirtti.<\/p>\n<p>Kaynak, ordu birliklerimizin Anhel Beldesinde ter\u00f6ristlere ait bir ter\u00f6r h\u00fccresini imha ederek, baz\u0131 ter\u00f6ristleri \u00f6ld\u00fcrd\u00fcklerini, 3 z\u0131rhl\u0131 ara\u00e7 ile bir a\u011f\u0131r topu imha ettiklerini ifade etti.<\/p>\n<p>Ordu birliklerimiz ayr\u0131ca, Dera kuzey k\u0131rsal\u0131 Atman Beldesindeki Maasara\u2019n\u0131n kuzeybat\u0131s\u0131nda top<\/p>\n","protected":false},"excerpt":{"rendered":"<p>\u0130LLER \u2013 Kahraman ordu birliklerimizin kiral\u0131k ve hain ter\u00f6ristlere y\u00f6nelik operasyonlar\u0131n\u0131 muhtelif b\u00f6lgelerde t\u00fcm h\u0131z\u0131yla s\u00fcrd\u00fcrerek \u00e7ok say\u0131da ter\u00f6risti \u00f6l\u00fc ve yaral\u0131 d\u00fc\u015f\u00fcrd\u00fc, h\u00fccreleri ve a\u011f\u0131r taramal\u0131 silahlarla donan\u0131ml\u0131 ara\u00e7lar\u0131n\u0131 da etkisiz hale getirdi. \u015eam K\u0131rsal\u0131nda S\u0131zma Giri\u015fimleri \u00c7\u00f6kertildi Askeri kaynak, ordu birliklerimizin \u015eam K\u0131rsal\u0131 Han el \u015eih al Hammara\u2019dan el Selam Otoban\u0131na do\u011fru ter\u00f6ristlerin &hellip;<\/p>\n","protected":false},"author":1,"featured_media":9512,"comment_status":"closed","ping_status":"closed","sticky":false,"template":"","format":"standard","meta":{"footnotes":""},"categories":[575],"tags":[1804],"class_list":["post-9511","post","type-post","status-publish","format-standard","has-post-thumbnail","","category-olaylar-ve-gercekler","tag-terorle-mucadele-muhtelif-bolgelerde-tum-hiziyla-suruyor"],"_links":{"self":[{"href":"https:\/\/archive.sana.sy\/tr\/index.php?rest_route=\/wp\/v2\/posts\/9511","targetHints":{"allow":["GET"]}}],"collection":[{"href":"https:\/\/archive.sana.sy\/tr\/index.php?rest_route=\/wp\/v2\/posts"}],"about":[{"href":"https:\/\/archive.sana.sy\/tr\/index.php?rest_route=\/wp\/v2\/types\/post"}],"author":[{"embeddable":true,"href":"https:\/\/archive.sana.sy\/tr\/index.php?rest_route=\/wp\/v2\/users\/1"}],"replies":[{"embeddable":true,"href":"https:\/\/archive.sana.sy\/tr\/index.php?rest_route=%2Fwp%2Fv2%2Fcomments&post=9511"}],"version-history":[{"count":0,"href":"https:\/\/archive.sana.sy\/tr\/index.php?rest_route=\/wp\/v2\/posts\/9511\/revisions"}],"wp:featuredmedia":[{"embeddable":true,"href":"https:\/\/archive.sana.sy\/tr\/index.php?rest_route=\/wp\/v2\/media\/9512"}],"wp:attachment":[{"href":"https:\/\/archive.sana.sy\/tr\/index.php?rest_route=%2Fwp%2Fv2%2Fmedia&parent=9511"}],"wp:term":[{"taxonomy":"category","embeddable":true,"href":"https:\/\/archive.sana.sy\/tr\/index.php?rest_route=%2Fwp%2Fv2%2Fcategories&post=9511"},{"taxonomy":"post_tag","embeddable":true,"href":"https:\/\/archive.sana.sy\/tr\/index.php?rest_route=%2Fwp%2Fv2%2Ftags&post=9511"}],"curies":[{"name":"wp","href":"https:\/\/api.w.org\/{rel}","templated":true}]}}