{"id":95132,"date":"2016-11-16T19:53:27","date_gmt":"2016-11-16T17:53:27","guid":{"rendered":"http:\/\/www.sana.sy\/tr\/?p=95132"},"modified":"2016-11-18T13:09:26","modified_gmt":"2016-11-18T11:09:26","slug":"turkiye-halkinin-suriye-halkina-sevgi-ve-selamlarini-getirdim","status":"publish","type":"post","link":"https:\/\/archive.sana.sy\/tr\/?p=95132","title":{"rendered":"T\u00fcrkiye Halk\u0131n\u0131n Suriye Halk\u0131na Sevgi ve Selamlar\u0131n\u0131 Getirdim (video)"},"content":{"rendered":"<p>\u015eAM \u2013 Suriye Ulusal Senfoni Orkestras\u0131 T\u00fcrkiye&#8217;nin ilk kad\u0131n Orkestra \u015eefi \u0130nci \u00d6zdil\u2019in \u015fefli\u011finde yar\u0131n Per\u015fembe g\u00fcn\u00fc ba\u015fkent \u015eam\u2019daki Orkestra Binas\u0131nda aralar\u0131nda T\u00fcrk eserlerin bulundu\u011fu bir\u00e7ok eseri seslendirecek.<\/p>\n<p>T\u00fcrkiye ve uluslar aras\u0131 d\u00fczeyde \u00f6nemli ba\u015far\u0131lara imza atan \u00d6zdil SANA ile \u00f6zel r\u00f6portaj\u0131nda; Suriye&#8217;de bulunmaktan duydu\u011fu sevinci ifade etti. Mevcut ko\u015fullara ra\u011fmen Suriye Ulusal Devlet Orkestras\u0131n\u0131n \u00f6zveri ve yo\u011fun \u00e7abayla \u00e7al\u0131\u015fmalar\u0131n\u0131 s\u00fcrd\u00fcrmesinin takdire \u015fayan oldu\u011funu ifade eden \u00d6zdil; Suriyeli sanat\u00e7\u0131larla gelecekte ortak \u00e7al\u0131\u015fmalarda bulunacaklar\u0131n\u0131 kaydetti.<\/p>\n<p>T\u00fcrk M\u00fczisyen \u00d6zdil; konseriyle t\u00fcm d\u00fcnyaya \u00f6nemli bir mesaj vermek istediklerini, Suriye ve T\u00fcrkiye halklar\u0131 aras\u0131ndaki karde\u015fli\u011fi d\u00fcnyaya duyurmak istediklerini belirtti. Suriye ve T\u00fcrkiye halklar\u0131 aras\u0131ndaki dostluk, karde\u015flik ve akrabal\u0131k ili\u015fkilerinin metanetine \u0131\u015f\u0131k tutan \u00d6zdil; \u201chi\u00e7bir siyaset ya da g\u00fc\u00e7, bu ili\u015fkileri sabote edemez, edemeyecektir. Buraya T\u00fcrkiye halk\u0131n\u0131n Suriye halk\u0131na sevgi ve selamlar\u0131n\u0131 getirdim..\u201d ifadesini kulland\u0131.<\/p>\n<p>\u00d6zdil T\u00fcrkiye&#8217;de halk\u0131n b\u00fcy\u00fck \u00e7o\u011funlu\u011funun Suriye halk\u0131n\u0131 sevdi\u011fini ve onunla dayan\u0131\u015ft\u0131\u011f\u0131n\u0131 ifade etti.<\/p>\n<p>Sanat ve politikan\u0131n birbirleriyle b\u00fct\u00fcnle\u015fti\u011fini ifade eden \u00d6zdil; sanat\u00e7\u0131lar\u0131n da politikaya bir el atmalar\u0131 gerekti\u011fini belirtti.<\/p>\n<div style=\"width: 618px;\" class=\"wp-video\"><!--[if lt IE 9]><script>document.createElement('video');<\/script><![endif]-->\n<video class=\"wp-video-shortcode\" id=\"video-95132-1\" width=\"618\" height=\"464\" preload=\"metadata\" controls=\"controls\"><source type=\"video\/mp4\" src=\"http:\/\/www.sana.sy\/tr\/wp-content\/uploads\/2016\/11\/\u062a\u0631\u0643\u064a-\u0644\u0642\u0627\u0621-\u0645\u0639-\u0631\u0626\u064a\u0633\u0629-\u0627\u062a\u062d\u0627\u062f-\u0627\u0644\u0641\u0646\u0627\u0646\u064a\u0646-\u0627\u0644\u0627\u062a\u0631\u0627\u0643-\u0627\u0646\u062c\u064a-\u0627\u0648\u0632\u062f\u064a\u0644.mp4?_=1\" \/><a href=\"http:\/\/www.sana.sy\/tr\/wp-content\/uploads\/2016\/11\/\u062a\u0631\u0643\u064a-\u0644\u0642\u0627\u0621-\u0645\u0639-\u0631\u0626\u064a\u0633\u0629-\u0627\u062a\u062d\u0627\u062f-\u0627\u0644\u0641\u0646\u0627\u0646\u064a\u0646-\u0627\u0644\u0627\u062a\u0631\u0627\u0643-\u0627\u0646\u062c\u064a-\u0627\u0648\u0632\u062f\u064a\u0644.mp4\">http:\/\/www.sana.sy\/tr\/wp-content\/uploads\/2016\/11\/\u062a\u0631\u0643\u064a-\u0644\u0642\u0627\u0621-\u0645\u0639-\u0631\u0626\u064a\u0633\u0629-\u0627\u062a\u062d\u0627\u062f-\u0627\u0644\u0641\u0646\u0627\u0646\u064a\u0646-\u0627\u0644\u0627\u062a\u0631\u0627\u0643-\u0627\u0646\u062c\u064a-\u0627\u0648\u0632\u062f\u064a\u0644.mp4<\/a><\/video><\/div>\n<p>&nbsp;<\/p>\n<p>https:\/\/www.youtube.com\/watch?v=bKD8lCDGF7o<\/p>\n","protected":false},"excerpt":{"rendered":"<p>\u015eAM \u2013 Suriye Ulusal Senfoni Orkestras\u0131 T\u00fcrkiye&#8217;nin ilk kad\u0131n Orkestra \u015eefi \u0130nci \u00d6zdil\u2019in \u015fefli\u011finde yar\u0131n Per\u015fembe g\u00fcn\u00fc ba\u015fkent \u015eam\u2019daki Orkestra Binas\u0131nda aralar\u0131nda T\u00fcrk eserlerin bulundu\u011fu bir\u00e7ok eseri seslendirecek. T\u00fcrkiye ve uluslar aras\u0131 d\u00fczeyde \u00f6nemli ba\u015far\u0131lara imza atan \u00d6zdil SANA ile \u00f6zel r\u00f6portaj\u0131nda; Suriye&#8217;de bulunmaktan duydu\u011fu sevinci ifade etti. Mevcut ko\u015fullara ra\u011fmen Suriye Ulusal Devlet Orkestras\u0131n\u0131n &hellip;<\/p>\n","protected":false},"author":1,"featured_media":95142,"comment_status":"closed","ping_status":"closed","sticky":false,"template":"","format":"standard","meta":{"footnotes":""},"categories":[516,479,511,17988,478],"tags":[25310,25309],"class_list":["post-95132","post","type-post","status-publish","format-standard","has-post-thumbnail","","category-haberler-kultur-ve-sanat","category-haberler-yerel","category-kultur-ve-sanat","category-son-haberler","category-yerel","tag-suriye-ulusal-senfoni-orkestrasi-turkiyenin-ilk-kadin-orkestra-sefi-inci-ozdil","tag-turkiye-halkinin-suriye-halkina-sevgi-ve-selamlarini-getirdim"],"_links":{"self":[{"href":"https:\/\/archive.sana.sy\/tr\/index.php?rest_route=\/wp\/v2\/posts\/95132","targetHints":{"allow":["GET"]}}],"collection":[{"href":"https:\/\/archive.sana.sy\/tr\/index.php?rest_route=\/wp\/v2\/posts"}],"about":[{"href":"https:\/\/archive.sana.sy\/tr\/index.php?rest_route=\/wp\/v2\/types\/post"}],"author":[{"embeddable":true,"href":"https:\/\/archive.sana.sy\/tr\/index.php?rest_route=\/wp\/v2\/users\/1"}],"replies":[{"embeddable":true,"href":"https:\/\/archive.sana.sy\/tr\/index.php?rest_route=%2Fwp%2Fv2%2Fcomments&post=95132"}],"version-history":[{"count":0,"href":"https:\/\/archive.sana.sy\/tr\/index.php?rest_route=\/wp\/v2\/posts\/95132\/revisions"}],"wp:featuredmedia":[{"embeddable":true,"href":"https:\/\/archive.sana.sy\/tr\/index.php?rest_route=\/wp\/v2\/media\/95142"}],"wp:attachment":[{"href":"https:\/\/archive.sana.sy\/tr\/index.php?rest_route=%2Fwp%2Fv2%2Fmedia&parent=95132"}],"wp:term":[{"taxonomy":"category","embeddable":true,"href":"https:\/\/archive.sana.sy\/tr\/index.php?rest_route=%2Fwp%2Fv2%2Fcategories&post=95132"},{"taxonomy":"post_tag","embeddable":true,"href":"https:\/\/archive.sana.sy\/tr\/index.php?rest_route=%2Fwp%2Fv2%2Ftags&post=95132"}],"curies":[{"name":"wp","href":"https:\/\/api.w.org\/{rel}","templated":true}]}}