{"id":9516,"date":"2014-09-09T13:03:41","date_gmt":"2014-09-09T10:03:41","guid":{"rendered":"http:\/\/www.sana.sy\/tr\/?p=9516"},"modified":"2014-09-09T13:03:41","modified_gmt":"2014-09-09T10:03:41","slug":"tekfiri-terorle-mucadelesiyle-bolge-ve-dunyada-barisi-tehdit-eden-tehlikeyi-uzaklastiriyor","status":"publish","type":"post","link":"https:\/\/archive.sana.sy\/tr\/?p=9516","title":{"rendered":"Tekfiri Ter\u00f6rle M\u00fccadelesiyle B\u00f6lge ve D\u00fcnyada Bar\u0131\u015f\u0131 Tehdit Eden Tehlikeyi Uzakla\u015ft\u0131r\u0131yor"},"content":{"rendered":"<p>UFA &#8211; Vak\u0131flar Bakan\u0131 Abdul Settar el Seyyid, Ba\u015fkurtistan Cumhuriyeti Ba\u015fkanl\u0131k Konsey \u00dcyeleriyle Ba\u015fkent Ufa\u2019da, ter\u00f6r ve a\u015f\u0131r\u0131 radikalizmle m\u00fccadelede i\u015fbirli\u011fi yollar\u0131n\u0131 g\u00f6r\u00fc\u015ft\u00fc.<\/p>\n<p>Vak\u0131flar Bakan\u0131, Suriye halk\u0131n\u0131n \u00fclkelerini, ulusal ve milli tutumlar\u0131n\u0131 hedef alan evrensel sava\u015fla m\u00fccadelede direni\u015fi, kahraman silahl\u0131 kuvvetlerinin arkas\u0131nda duru\u015fu ve y\u00f6netimi etraf\u0131nda kenetlenmesine i\u015faret etti.<\/p>\n<p>Bakan Seyyid, Suriye\u2019nin tekfiri ter\u00f6r ve a\u015f\u0131r\u0131 dinci ideolojiye kar\u015f\u0131 duru\u015funun b\u00f6lge ve d\u00fcnya g\u00fcven ve istikrar\u0131n\u0131 tehdit eden tehlikeleri uzakla\u015ft\u0131rd\u0131\u011f\u0131na dikkat \u00e7ekti.<\/p>\n<p>Kendi y\u00f6n\u00fcnden Ba\u015fkurtistan Ba\u015fkanl\u0131k Meclis \u00fcyeleri bar\u0131\u015fsever halklar\u0131n d\u00fcnyada tekfiri ideoloji ve radikalizm fenomeniyle m\u00fccadele \u00e7abalar\u0131n\u0131 vurgulad\u0131lar.<\/p>\n<p>Ba\u015fkurtistan Cumhuriyeti Rusya Federasyonunun bir Cumhuriyeti olup n\u00fcfusu yakla\u015f\u0131k 2 milyondur.<\/p>\n","protected":false},"excerpt":{"rendered":"<p>UFA &#8211; Vak\u0131flar Bakan\u0131 Abdul Settar el Seyyid, Ba\u015fkurtistan Cumhuriyeti Ba\u015fkanl\u0131k Konsey \u00dcyeleriyle Ba\u015fkent Ufa\u2019da, ter\u00f6r ve a\u015f\u0131r\u0131 radikalizmle m\u00fccadelede i\u015fbirli\u011fi yollar\u0131n\u0131 g\u00f6r\u00fc\u015ft\u00fc. Vak\u0131flar Bakan\u0131, Suriye halk\u0131n\u0131n \u00fclkelerini, ulusal ve milli tutumlar\u0131n\u0131 hedef alan evrensel sava\u015fla m\u00fccadelede direni\u015fi, kahraman silahl\u0131 kuvvetlerinin arkas\u0131nda duru\u015fu ve y\u00f6netimi etraf\u0131nda kenetlenmesine i\u015faret etti. Bakan Seyyid, Suriye\u2019nin tekfiri ter\u00f6r ve &hellip;<\/p>\n","protected":false},"author":1,"featured_media":9517,"comment_status":"closed","ping_status":"closed","sticky":false,"template":"","format":"standard","meta":{"footnotes":""},"categories":[458,459],"tags":[2141],"class_list":["post-9516","post","type-post","status-publish","format-standard","has-post-thumbnail","","category-dunya1","category-haberler-arap-uluslararasi-politika","tag-tekfiri-terorle-mucadelesiyle-bolge-ve-dunyada-barisi-tehdit-eden-tehlikeyi-uzaklastiriyor"],"_links":{"self":[{"href":"https:\/\/archive.sana.sy\/tr\/index.php?rest_route=\/wp\/v2\/posts\/9516","targetHints":{"allow":["GET"]}}],"collection":[{"href":"https:\/\/archive.sana.sy\/tr\/index.php?rest_route=\/wp\/v2\/posts"}],"about":[{"href":"https:\/\/archive.sana.sy\/tr\/index.php?rest_route=\/wp\/v2\/types\/post"}],"author":[{"embeddable":true,"href":"https:\/\/archive.sana.sy\/tr\/index.php?rest_route=\/wp\/v2\/users\/1"}],"replies":[{"embeddable":true,"href":"https:\/\/archive.sana.sy\/tr\/index.php?rest_route=%2Fwp%2Fv2%2Fcomments&post=9516"}],"version-history":[{"count":0,"href":"https:\/\/archive.sana.sy\/tr\/index.php?rest_route=\/wp\/v2\/posts\/9516\/revisions"}],"wp:featuredmedia":[{"embeddable":true,"href":"https:\/\/archive.sana.sy\/tr\/index.php?rest_route=\/wp\/v2\/media\/9517"}],"wp:attachment":[{"href":"https:\/\/archive.sana.sy\/tr\/index.php?rest_route=%2Fwp%2Fv2%2Fmedia&parent=9516"}],"wp:term":[{"taxonomy":"category","embeddable":true,"href":"https:\/\/archive.sana.sy\/tr\/index.php?rest_route=%2Fwp%2Fv2%2Fcategories&post=9516"},{"taxonomy":"post_tag","embeddable":true,"href":"https:\/\/archive.sana.sy\/tr\/index.php?rest_route=%2Fwp%2Fv2%2Ftags&post=9516"}],"curies":[{"name":"wp","href":"https:\/\/api.w.org\/{rel}","templated":true}]}}