{"id":95182,"date":"2016-11-17T11:09:28","date_gmt":"2016-11-17T09:09:28","guid":{"rendered":"http:\/\/www.sana.sy\/tr\/?p=95182"},"modified":"2016-11-17T15:13:43","modified_gmt":"2016-11-17T13:13:43","slug":"kunaytra-emniyet-mudurlugunde-bir-kaynak-sanaya-aciklamasinda-dusman-siyonist-israile-tabi-nusra-cephesinden-radikal-teroristlerin-il-kirsalinin-harfa-koyunu-bir-dizi-fuzeyle-hedef","status":"publish","type":"post","link":"https:\/\/archive.sana.sy\/tr\/?p=95182","title":{"rendered":"Kunaytra Emniyet M\u00fcd\u00fcrl\u00fc\u011f\u00fcnde bir kaynak SANA\u2019ya a\u00e7\u0131klamas\u0131nda; d\u00fc\u015fman Siyonist \u0130srail\u2019e tabi Nusra Cephesinden radikal ter\u00f6ristlerin il k\u0131rsal\u0131n\u0131n Harfa K\u00f6y\u00fcn\u00fc bir dizi f\u00fczeyle hedef ald\u0131klar\u0131n\u0131 aktard\u0131"},"content":{"rendered":"<p>Kunaytra Emniyet M\u00fcd\u00fcrl\u00fc\u011f\u00fcnde bir kaynak SANA\u2019ya a\u00e7\u0131klamas\u0131nda; d\u00fc\u015fman Siyonist \u0130srail\u2019e tabi Nusra Cephesinden radikal ter\u00f6ristlerin il k\u0131rsal\u0131n\u0131n Harfa K\u00f6y\u00fcn\u00fc bir dizi f\u00fczeyle hedef ald\u0131klar\u0131n\u0131 aktard\u0131<\/p>\n","protected":false},"excerpt":{"rendered":"<p>Kunaytra Emniyet M\u00fcd\u00fcrl\u00fc\u011f\u00fcnde bir kaynak SANA\u2019ya a\u00e7\u0131klamas\u0131nda; d\u00fc\u015fman Siyonist \u0130srail\u2019e tabi Nusra Cephesinden radikal ter\u00f6ristlerin il k\u0131rsal\u0131n\u0131n Harfa K\u00f6y\u00fcn\u00fc bir dizi f\u00fczeyle hedef ald\u0131klar\u0131n\u0131 aktard\u0131<\/p>\n","protected":false},"author":1,"featured_media":0,"comment_status":"closed","ping_status":"closed","sticky":false,"template":"","format":"standard","meta":{"footnotes":""},"categories":[17991],"tags":[],"class_list":["post-95182","post","type-post","status-publish","format-standard","","category-son-dakika"],"_links":{"self":[{"href":"https:\/\/archive.sana.sy\/tr\/index.php?rest_route=\/wp\/v2\/posts\/95182","targetHints":{"allow":["GET"]}}],"collection":[{"href":"https:\/\/archive.sana.sy\/tr\/index.php?rest_route=\/wp\/v2\/posts"}],"about":[{"href":"https:\/\/archive.sana.sy\/tr\/index.php?rest_route=\/wp\/v2\/types\/post"}],"author":[{"embeddable":true,"href":"https:\/\/archive.sana.sy\/tr\/index.php?rest_route=\/wp\/v2\/users\/1"}],"replies":[{"embeddable":true,"href":"https:\/\/archive.sana.sy\/tr\/index.php?rest_route=%2Fwp%2Fv2%2Fcomments&post=95182"}],"version-history":[{"count":0,"href":"https:\/\/archive.sana.sy\/tr\/index.php?rest_route=\/wp\/v2\/posts\/95182\/revisions"}],"wp:attachment":[{"href":"https:\/\/archive.sana.sy\/tr\/index.php?rest_route=%2Fwp%2Fv2%2Fmedia&parent=95182"}],"wp:term":[{"taxonomy":"category","embeddable":true,"href":"https:\/\/archive.sana.sy\/tr\/index.php?rest_route=%2Fwp%2Fv2%2Fcategories&post=95182"},{"taxonomy":"post_tag","embeddable":true,"href":"https:\/\/archive.sana.sy\/tr\/index.php?rest_route=%2Fwp%2Fv2%2Ftags&post=95182"}],"curies":[{"name":"wp","href":"https:\/\/api.w.org\/{rel}","templated":true}]}}