{"id":95192,"date":"2016-11-17T09:19:29","date_gmt":"2016-11-17T07:19:29","guid":{"rendered":"http:\/\/www.sana.sy\/tr\/?p=95192"},"modified":"2016-11-17T15:27:06","modified_gmt":"2016-11-17T13:27:06","slug":"top-atesinde-aralarinda-tehlikeli-isimlerin-bulundugu-bircok-teroristin-olduruldugunu-belirten-kaynak-karargahlari-ve-agir-silahlarla-donatilmis-araclarinin-da-imha-edildigini-kaydetti","status":"publish","type":"post","link":"https:\/\/archive.sana.sy\/tr\/?p=95192","title":{"rendered":"Top ate\u015finde aralar\u0131nda tehlikeli isimlerin bulundu\u011fu bir\u00e7ok ter\u00f6ristin \u00f6ld\u00fcr\u00fcld\u00fc\u011f\u00fcn\u00fc belirten kaynak, karargahlar\u0131 ve a\u011f\u0131r silahlarla donat\u0131lm\u0131\u015f ara\u00e7lar\u0131n\u0131n da imha edildi\u011fini kaydetti"},"content":{"rendered":"<p>Top ate\u015finde aralar\u0131nda tehlikeli isimlerin bulundu\u011fu bir\u00e7ok ter\u00f6ristin \u00f6ld\u00fcr\u00fcld\u00fc\u011f\u00fcn\u00fc belirten kaynak, karargahlar\u0131 ve a\u011f\u0131r silahlarla donat\u0131lm\u0131\u015f ara\u00e7lar\u0131n\u0131n da imha edildi\u011fini kaydetti<\/p>\n","protected":false},"excerpt":{"rendered":"<p>Top ate\u015finde aralar\u0131nda tehlikeli isimlerin bulundu\u011fu bir\u00e7ok ter\u00f6ristin \u00f6ld\u00fcr\u00fcld\u00fc\u011f\u00fcn\u00fc belirten kaynak, karargahlar\u0131 ve a\u011f\u0131r silahlarla donat\u0131lm\u0131\u015f ara\u00e7lar\u0131n\u0131n da imha edildi\u011fini kaydetti<\/p>\n","protected":false},"author":1,"featured_media":0,"comment_status":"closed","ping_status":"closed","sticky":false,"template":"","format":"standard","meta":{"footnotes":""},"categories":[17991],"tags":[],"class_list":["post-95192","post","type-post","status-publish","format-standard","","category-son-dakika"],"_links":{"self":[{"href":"https:\/\/archive.sana.sy\/tr\/index.php?rest_route=\/wp\/v2\/posts\/95192","targetHints":{"allow":["GET"]}}],"collection":[{"href":"https:\/\/archive.sana.sy\/tr\/index.php?rest_route=\/wp\/v2\/posts"}],"about":[{"href":"https:\/\/archive.sana.sy\/tr\/index.php?rest_route=\/wp\/v2\/types\/post"}],"author":[{"embeddable":true,"href":"https:\/\/archive.sana.sy\/tr\/index.php?rest_route=\/wp\/v2\/users\/1"}],"replies":[{"embeddable":true,"href":"https:\/\/archive.sana.sy\/tr\/index.php?rest_route=%2Fwp%2Fv2%2Fcomments&post=95192"}],"version-history":[{"count":0,"href":"https:\/\/archive.sana.sy\/tr\/index.php?rest_route=\/wp\/v2\/posts\/95192\/revisions"}],"wp:attachment":[{"href":"https:\/\/archive.sana.sy\/tr\/index.php?rest_route=%2Fwp%2Fv2%2Fmedia&parent=95192"}],"wp:term":[{"taxonomy":"category","embeddable":true,"href":"https:\/\/archive.sana.sy\/tr\/index.php?rest_route=%2Fwp%2Fv2%2Fcategories&post=95192"},{"taxonomy":"post_tag","embeddable":true,"href":"https:\/\/archive.sana.sy\/tr\/index.php?rest_route=%2Fwp%2Fv2%2Ftags&post=95192"}],"curies":[{"name":"wp","href":"https:\/\/api.w.org\/{rel}","templated":true}]}}