{"id":95197,"date":"2016-11-17T09:26:29","date_gmt":"2016-11-17T07:26:29","guid":{"rendered":"http:\/\/www.sana.sy\/tr\/?p=95197"},"modified":"2016-11-17T15:27:51","modified_gmt":"2016-11-17T13:27:51","slug":"hava-guclerimizin-halep-kirsalinin-kuzeyi-hreytan-ve-kefar-hamra-bolgelerinde-nusra-cephesinin-karargahlari-ve-arac-konvoylarini-imha-ettiklerini-belirten-kaynak-buralarda-da-bir-kismi-zirhli-olan-b","status":"publish","type":"post","link":"https:\/\/archive.sana.sy\/tr\/?p=95197","title":{"rendered":"Hava g\u00fc\u00e7lerimizin Halep k\u0131rsal\u0131n\u0131n kuzeyi Hreytan ve Kefar Hamra b\u00f6lgelerinde Nusra Cephesinin karargahlar\u0131 ve ara\u00e7 konvoylar\u0131n\u0131 imha ettiklerini belirten kaynak, buralarda da bir k\u0131sm\u0131 z\u0131rhl\u0131 olan, bir k\u0131sm\u0131 da a\u011f\u0131r silahlarla donat\u0131lm\u0131\u015f \u00e7ok say\u0131da ara\u00e7la birlikte onlarca ter\u00f6ristin \u00f6ld\u00fcr\u00fcld\u00fc\u011f\u00fcn\u00fc ifade etti"},"content":{"rendered":"<p>Hava g\u00fc\u00e7lerimizin Halep k\u0131rsal\u0131n\u0131n kuzeyi Hreytan ve Kefar Hamra b\u00f6lgelerinde Nusra Cephesinin karargahlar\u0131 ve ara\u00e7 konvoylar\u0131n\u0131 imha ettiklerini belirten kaynak, buralarda da bir k\u0131sm\u0131 z\u0131rhl\u0131 olan, bir k\u0131sm\u0131 da a\u011f\u0131r silahlarla donat\u0131lm\u0131\u015f \u00e7ok say\u0131da ara\u00e7la birlikte onlarca ter\u00f6ristin \u00f6ld\u00fcr\u00fcld\u00fc\u011f\u00fcn\u00fc ifade etti<\/p>\n","protected":false},"excerpt":{"rendered":"<p>Hava g\u00fc\u00e7lerimizin Halep k\u0131rsal\u0131n\u0131n kuzeyi Hreytan ve Kefar Hamra b\u00f6lgelerinde Nusra Cephesinin karargahlar\u0131 ve ara\u00e7 konvoylar\u0131n\u0131 imha ettiklerini belirten kaynak, buralarda da bir k\u0131sm\u0131 z\u0131rhl\u0131 olan, bir k\u0131sm\u0131 da a\u011f\u0131r silahlarla donat\u0131lm\u0131\u015f \u00e7ok say\u0131da ara\u00e7la birlikte onlarca ter\u00f6ristin \u00f6ld\u00fcr\u00fcld\u00fc\u011f\u00fcn\u00fc ifade etti<\/p>\n","protected":false},"author":1,"featured_media":0,"comment_status":"closed","ping_status":"closed","sticky":false,"template":"","format":"standard","meta":{"footnotes":""},"categories":[17991],"tags":[],"class_list":["post-95197","post","type-post","status-publish","format-standard","","category-son-dakika"],"_links":{"self":[{"href":"https:\/\/archive.sana.sy\/tr\/index.php?rest_route=\/wp\/v2\/posts\/95197","targetHints":{"allow":["GET"]}}],"collection":[{"href":"https:\/\/archive.sana.sy\/tr\/index.php?rest_route=\/wp\/v2\/posts"}],"about":[{"href":"https:\/\/archive.sana.sy\/tr\/index.php?rest_route=\/wp\/v2\/types\/post"}],"author":[{"embeddable":true,"href":"https:\/\/archive.sana.sy\/tr\/index.php?rest_route=\/wp\/v2\/users\/1"}],"replies":[{"embeddable":true,"href":"https:\/\/archive.sana.sy\/tr\/index.php?rest_route=%2Fwp%2Fv2%2Fcomments&post=95197"}],"version-history":[{"count":0,"href":"https:\/\/archive.sana.sy\/tr\/index.php?rest_route=\/wp\/v2\/posts\/95197\/revisions"}],"wp:attachment":[{"href":"https:\/\/archive.sana.sy\/tr\/index.php?rest_route=%2Fwp%2Fv2%2Fmedia&parent=95197"}],"wp:term":[{"taxonomy":"category","embeddable":true,"href":"https:\/\/archive.sana.sy\/tr\/index.php?rest_route=%2Fwp%2Fv2%2Fcategories&post=95197"},{"taxonomy":"post_tag","embeddable":true,"href":"https:\/\/archive.sana.sy\/tr\/index.php?rest_route=%2Fwp%2Fv2%2Ftags&post=95197"}],"curies":[{"name":"wp","href":"https:\/\/api.w.org\/{rel}","templated":true}]}}