{"id":95199,"date":"2016-11-17T10:12:48","date_gmt":"2016-11-17T08:12:48","guid":{"rendered":"http:\/\/www.sana.sy\/tr\/?p=95199"},"modified":"2016-11-17T15:35:03","modified_gmt":"2016-11-17T13:35:03","slug":"sam-kirsalinda-askeri-kaynak-ordu-birliklerimizin-kunaytra-dera-ve-sam-kirsallarinin-birlestikleri-bolgeye-dusen-han-el-siyh-ve-biir-el-afai-bolgelerinde-israile-tabi-nusra-cephesinin-mevki","status":"publish","type":"post","link":"https:\/\/archive.sana.sy\/tr\/?p=95199","title":{"rendered":"\u015eam k\u0131rsal\u0131nda askeri kaynak ordu birliklerimizin Kunaytra, Dera ve \u015eam k\u0131rsallar\u0131n\u0131n birle\u015ftikleri b\u00f6lgeye d\u00fc\u015fen Han el \u015eiyh ve Biir el Afai b\u00f6lgelerinde \u0130srail\u2019e tabi Nusra Cephesinin mevki ve hareketlenmelerini top ate\u015fine tuttuklar\u0131n\u0131 belirtti"},"content":{"rendered":"<p>\u015eam k\u0131rsal\u0131nda askeri kaynak ordu birliklerimizin Kunaytra, Dera ve \u015eam k\u0131rsallar\u0131n\u0131n birle\u015ftikleri b\u00f6lgeye d\u00fc\u015fen Han el \u015eiyh ve Biir el Afai b\u00f6lgelerinde \u0130srail\u2019e tabi Nusra Cephesinin mevki ve hareketlenmelerini top ate\u015fine tuttuklar\u0131n\u0131 belirtti<\/p>\n","protected":false},"excerpt":{"rendered":"<p>\u015eam k\u0131rsal\u0131nda askeri kaynak ordu birliklerimizin Kunaytra, Dera ve \u015eam k\u0131rsallar\u0131n\u0131n birle\u015ftikleri b\u00f6lgeye d\u00fc\u015fen Han el \u015eiyh ve Biir el Afai b\u00f6lgelerinde \u0130srail\u2019e tabi Nusra Cephesinin mevki ve hareketlenmelerini top ate\u015fine tuttuklar\u0131n\u0131 belirtti<\/p>\n","protected":false},"author":1,"featured_media":0,"comment_status":"closed","ping_status":"closed","sticky":false,"template":"","format":"standard","meta":{"footnotes":""},"categories":[17991],"tags":[],"class_list":["post-95199","post","type-post","status-publish","format-standard","","category-son-dakika"],"_links":{"self":[{"href":"https:\/\/archive.sana.sy\/tr\/index.php?rest_route=\/wp\/v2\/posts\/95199","targetHints":{"allow":["GET"]}}],"collection":[{"href":"https:\/\/archive.sana.sy\/tr\/index.php?rest_route=\/wp\/v2\/posts"}],"about":[{"href":"https:\/\/archive.sana.sy\/tr\/index.php?rest_route=\/wp\/v2\/types\/post"}],"author":[{"embeddable":true,"href":"https:\/\/archive.sana.sy\/tr\/index.php?rest_route=\/wp\/v2\/users\/1"}],"replies":[{"embeddable":true,"href":"https:\/\/archive.sana.sy\/tr\/index.php?rest_route=%2Fwp%2Fv2%2Fcomments&post=95199"}],"version-history":[{"count":0,"href":"https:\/\/archive.sana.sy\/tr\/index.php?rest_route=\/wp\/v2\/posts\/95199\/revisions"}],"wp:attachment":[{"href":"https:\/\/archive.sana.sy\/tr\/index.php?rest_route=%2Fwp%2Fv2%2Fmedia&parent=95199"}],"wp:term":[{"taxonomy":"category","embeddable":true,"href":"https:\/\/archive.sana.sy\/tr\/index.php?rest_route=%2Fwp%2Fv2%2Fcategories&post=95199"},{"taxonomy":"post_tag","embeddable":true,"href":"https:\/\/archive.sana.sy\/tr\/index.php?rest_route=%2Fwp%2Fv2%2Ftags&post=95199"}],"curies":[{"name":"wp","href":"https:\/\/api.w.org\/{rel}","templated":true}]}}