{"id":9520,"date":"2014-09-09T16:20:35","date_gmt":"2014-09-09T13:20:35","guid":{"rendered":"http:\/\/www.sana.sy\/tr\/?p=9520"},"modified":"2014-09-09T16:30:44","modified_gmt":"2014-09-09T13:30:44","slug":"lavrov-batiyi-cifte-standarttan-vazgecmeye-davet-etti","status":"publish","type":"post","link":"https:\/\/archive.sana.sy\/tr\/?p=9520","title":{"rendered":"Lavrov Bat\u0131\u2019y\u0131 \u00c7ifte Standarttan Vazge\u00e7meye Davet Etti"},"content":{"rendered":"<p>MOSKOVA \u2013 Rusya D\u0131\u015fi\u015fleri Bakan\u0131 Sergey Lavrov, ter\u00f6rle m\u00fccadelenin Bat\u0131\u2019n\u0131n \u00e7ifte standartl\u0131 politikas\u0131ndan vazge\u00e7mesini gerektirdi\u011fini ifade etti.<\/p>\n<p>Mali Cumhuriyeti Mevkida\u015f\u0131 Abdullah Deyyub\u2019la bug\u00fcn Moskova\u2019da ortak bas\u0131n toplant\u0131s\u0131 yapan Lavrov, \u201cTer\u00f6re gerek\u00e7e bulunamaz. Uluslararas\u0131 toplum bu tehlikeye kar\u015f\u0131 i\u015fbirli\u011fi yapmal\u0131.\u201d dedi.<\/p>\n<p>Yerel h\u00fck\u00fcmetlerin onay\u0131n\u0131 almadan d\u0131\u015f m\u00fcdahalede bulunmamas\u0131na davet eden Lavrov, Amerika Birle\u015fik Devletlerinin \u201cIrak ve \u015eam \u0130slam Devleti I\u015e\u0130D\u201d ter\u00f6r \u00f6rg\u00fct\u00fcyle m\u00fccadele kapsam\u0131nda Suriye\u2019de mevzi bombalamas\u0131ndan duydu\u011fu endi\u015feyi ifade etti.<\/p>\n<p>Lavrov, ABD\u2019nin Suriye h\u00fck\u00fcmetine ba\u011fl\u0131 g\u00fc\u00e7leri zay\u0131flatmak hedefiyle sadece I\u015e\u0130D ter\u00f6ristlerinin i\u015fgal etti\u011fi b\u00f6lgelerde de\u011fil, ayn\u0131 zamanda Suriye genelinde bombard\u0131man yapmas\u0131na ili\u015fkin ku\u015fkular\u0131n\u0131 ifade etti.<\/p>\n<p>\u201cSuriye\u2019de rejim de\u011fi\u015fikli\u011fi\u201d plan\u0131yla me\u015fgul olan Bat\u0131l\u0131 \u00fclkelerin Suriye\u2019de ter\u00f6rle m\u00fccadeleye \u00f6nem vermediklerini s\u00f6yleyen Lavrov, Suriye\u2019de ter\u00f6rle m\u00fccadelenin Cumhurba\u015fkan\u0131 Be\u015f\u015far Esad\u2019dan istifa etmesini istemekle e\u015f zamanda ilerleyemeyece\u011finin alt\u0131n\u0131 \u00e7izdi.<\/p>\n","protected":false},"excerpt":{"rendered":"<p>MOSKOVA \u2013 Rusya D\u0131\u015fi\u015fleri Bakan\u0131 Sergey Lavrov, ter\u00f6rle m\u00fccadelenin Bat\u0131\u2019n\u0131n \u00e7ifte standartl\u0131 politikas\u0131ndan vazge\u00e7mesini gerektirdi\u011fini ifade etti. Mali Cumhuriyeti Mevkida\u015f\u0131 Abdullah Deyyub\u2019la bug\u00fcn Moskova\u2019da ortak bas\u0131n toplant\u0131s\u0131 yapan Lavrov, \u201cTer\u00f6re gerek\u00e7e bulunamaz. Uluslararas\u0131 toplum bu tehlikeye kar\u015f\u0131 i\u015fbirli\u011fi yapmal\u0131.\u201d dedi. Yerel h\u00fck\u00fcmetlerin onay\u0131n\u0131 almadan d\u0131\u015f m\u00fcdahalede bulunmamas\u0131na davet eden Lavrov, Amerika Birle\u015fik Devletlerinin \u201cIrak ve &hellip;<\/p>\n","protected":false},"author":1,"featured_media":9521,"comment_status":"closed","ping_status":"closed","sticky":false,"template":"","format":"standard","meta":{"footnotes":""},"categories":[458,459,447,584],"tags":[2142],"class_list":["post-9520","post","type-post","status-publish","format-standard","has-post-thumbnail","","category-dunya1","category-haberler-arap-uluslararasi-politika","category-politika","category-yurtdisinda-sana-ofisleri","tag-lavrov-batiyi-cifte-standarttan-vazgecmeye-davet-etti"],"_links":{"self":[{"href":"https:\/\/archive.sana.sy\/tr\/index.php?rest_route=\/wp\/v2\/posts\/9520","targetHints":{"allow":["GET"]}}],"collection":[{"href":"https:\/\/archive.sana.sy\/tr\/index.php?rest_route=\/wp\/v2\/posts"}],"about":[{"href":"https:\/\/archive.sana.sy\/tr\/index.php?rest_route=\/wp\/v2\/types\/post"}],"author":[{"embeddable":true,"href":"https:\/\/archive.sana.sy\/tr\/index.php?rest_route=\/wp\/v2\/users\/1"}],"replies":[{"embeddable":true,"href":"https:\/\/archive.sana.sy\/tr\/index.php?rest_route=%2Fwp%2Fv2%2Fcomments&post=9520"}],"version-history":[{"count":0,"href":"https:\/\/archive.sana.sy\/tr\/index.php?rest_route=\/wp\/v2\/posts\/9520\/revisions"}],"wp:featuredmedia":[{"embeddable":true,"href":"https:\/\/archive.sana.sy\/tr\/index.php?rest_route=\/wp\/v2\/media\/9521"}],"wp:attachment":[{"href":"https:\/\/archive.sana.sy\/tr\/index.php?rest_route=%2Fwp%2Fv2%2Fmedia&parent=9520"}],"wp:term":[{"taxonomy":"category","embeddable":true,"href":"https:\/\/archive.sana.sy\/tr\/index.php?rest_route=%2Fwp%2Fv2%2Fcategories&post=9520"},{"taxonomy":"post_tag","embeddable":true,"href":"https:\/\/archive.sana.sy\/tr\/index.php?rest_route=%2Fwp%2Fv2%2Ftags&post=9520"}],"curies":[{"name":"wp","href":"https:\/\/api.w.org\/{rel}","templated":true}]}}