{"id":95205,"date":"2016-11-17T11:44:31","date_gmt":"2016-11-17T09:44:31","guid":{"rendered":"http:\/\/www.sana.sy\/tr\/?p=95205"},"modified":"2016-11-17T15:45:58","modified_gmt":"2016-11-17T13:45:58","slug":"ordu-birliklerimizin-homs-kentinin-yaklasik-90-km-dogusuna-dusen-tlul-el-savvana-bolgesinde-isid-mevkileri-ve-karargahlarini-top-atesine-tuttuklarini-belirten-askeri-kaynak-operasyonda-radikal-terori","status":"publish","type":"post","link":"https:\/\/archive.sana.sy\/tr\/?p=95205","title":{"rendered":"Ordu birliklerimizin Homs Kentinin yakla\u015f\u0131k 90 km do\u011fusuna d\u00fc\u015fen Tlul el Savvana B\u00f6lgesinde I\u015e\u0130D mevkileri ve karargahlar\u0131n\u0131 top ate\u015fine tuttuklar\u0131n\u0131 belirten askeri kaynak; operasyonda radikal ter\u00f6ristlerin say\u0131, ara\u00e7 ve cephane a\u00e7\u0131s\u0131ndan b\u00fcy\u00fck kay\u0131plara u\u011frat\u0131ld\u0131klar\u0131n\u0131 vurgulad\u0131"},"content":{"rendered":"<p>Ordu birliklerimizin Homs Kentinin yakla\u015f\u0131k 90 km do\u011fusuna d\u00fc\u015fen Tlul el Savvana B\u00f6lgesinde I\u015e\u0130D mevkileri ve karargahlar\u0131n\u0131 top ate\u015fine tuttuklar\u0131n\u0131 belirten askeri kaynak; operasyonda radikal ter\u00f6ristlerin say\u0131, ara\u00e7 ve cephane a\u00e7\u0131s\u0131ndan b\u00fcy\u00fck kay\u0131plara u\u011frat\u0131ld\u0131klar\u0131n\u0131 vurgulad\u0131<\/p>\n","protected":false},"excerpt":{"rendered":"<p>Ordu birliklerimizin Homs Kentinin yakla\u015f\u0131k 90 km do\u011fusuna d\u00fc\u015fen Tlul el Savvana B\u00f6lgesinde I\u015e\u0130D mevkileri ve karargahlar\u0131n\u0131 top ate\u015fine tuttuklar\u0131n\u0131 belirten askeri kaynak; operasyonda radikal ter\u00f6ristlerin say\u0131, ara\u00e7 ve cephane a\u00e7\u0131s\u0131ndan b\u00fcy\u00fck kay\u0131plara u\u011frat\u0131ld\u0131klar\u0131n\u0131 vurgulad\u0131<\/p>\n","protected":false},"author":1,"featured_media":0,"comment_status":"closed","ping_status":"closed","sticky":false,"template":"","format":"standard","meta":{"footnotes":""},"categories":[17991],"tags":[],"class_list":["post-95205","post","type-post","status-publish","format-standard","","category-son-dakika"],"_links":{"self":[{"href":"https:\/\/archive.sana.sy\/tr\/index.php?rest_route=\/wp\/v2\/posts\/95205","targetHints":{"allow":["GET"]}}],"collection":[{"href":"https:\/\/archive.sana.sy\/tr\/index.php?rest_route=\/wp\/v2\/posts"}],"about":[{"href":"https:\/\/archive.sana.sy\/tr\/index.php?rest_route=\/wp\/v2\/types\/post"}],"author":[{"embeddable":true,"href":"https:\/\/archive.sana.sy\/tr\/index.php?rest_route=\/wp\/v2\/users\/1"}],"replies":[{"embeddable":true,"href":"https:\/\/archive.sana.sy\/tr\/index.php?rest_route=%2Fwp%2Fv2%2Fcomments&post=95205"}],"version-history":[{"count":0,"href":"https:\/\/archive.sana.sy\/tr\/index.php?rest_route=\/wp\/v2\/posts\/95205\/revisions"}],"wp:attachment":[{"href":"https:\/\/archive.sana.sy\/tr\/index.php?rest_route=%2Fwp%2Fv2%2Fmedia&parent=95205"}],"wp:term":[{"taxonomy":"category","embeddable":true,"href":"https:\/\/archive.sana.sy\/tr\/index.php?rest_route=%2Fwp%2Fv2%2Fcategories&post=95205"},{"taxonomy":"post_tag","embeddable":true,"href":"https:\/\/archive.sana.sy\/tr\/index.php?rest_route=%2Fwp%2Fv2%2Ftags&post=95205"}],"curies":[{"name":"wp","href":"https:\/\/api.w.org\/{rel}","templated":true}]}}