{"id":95212,"date":"2016-11-17T12:42:51","date_gmt":"2016-11-17T10:42:51","guid":{"rendered":"http:\/\/www.sana.sy\/tr\/?p=95212"},"modified":"2016-11-17T15:52:39","modified_gmt":"2016-11-17T13:52:39","slug":"catismalarda-radikal-teroristlere-ait-arac-ve-ekipmanlarin-imha-edildigini-kaydeden-kaynak-6-teroristin-olu-bircok-teroristin-de-yarali-dusmeleri-ardindan-sag-kalanlarin-kactiklarini-ifade-etti","status":"publish","type":"post","link":"https:\/\/archive.sana.sy\/tr\/?p=95212","title":{"rendered":"\u00c7at\u0131\u015fmalarda radikal ter\u00f6ristlere ait ara\u00e7 ve ekipmanlar\u0131n imha edildi\u011fini kaydeden kaynak, 6 ter\u00f6ristin \u00f6l\u00fc, bir\u00e7ok ter\u00f6ristin de yaral\u0131 d\u00fc\u015fmeleri ard\u0131ndan sa\u011f kalanlar\u0131n ka\u00e7t\u0131klar\u0131n\u0131 ifade etti"},"content":{"rendered":"<p>\u00c7at\u0131\u015fmalarda radikal ter\u00f6ristlere ait ara\u00e7 ve ekipmanlar\u0131n imha edildi\u011fini kaydeden kaynak, 6 ter\u00f6ristin \u00f6l\u00fc, bir\u00e7ok ter\u00f6ristin de yaral\u0131 d\u00fc\u015fmeleri ard\u0131ndan sa\u011f kalanlar\u0131n ka\u00e7t\u0131klar\u0131n\u0131 ifade etti<\/p>\n","protected":false},"excerpt":{"rendered":"<p>\u00c7at\u0131\u015fmalarda radikal ter\u00f6ristlere ait ara\u00e7 ve ekipmanlar\u0131n imha edildi\u011fini kaydeden kaynak, 6 ter\u00f6ristin \u00f6l\u00fc, bir\u00e7ok ter\u00f6ristin de yaral\u0131 d\u00fc\u015fmeleri ard\u0131ndan sa\u011f kalanlar\u0131n ka\u00e7t\u0131klar\u0131n\u0131 ifade etti<\/p>\n","protected":false},"author":1,"featured_media":0,"comment_status":"closed","ping_status":"closed","sticky":false,"template":"","format":"standard","meta":{"footnotes":""},"categories":[17991],"tags":[],"class_list":["post-95212","post","type-post","status-publish","format-standard","","category-son-dakika"],"_links":{"self":[{"href":"https:\/\/archive.sana.sy\/tr\/index.php?rest_route=\/wp\/v2\/posts\/95212","targetHints":{"allow":["GET"]}}],"collection":[{"href":"https:\/\/archive.sana.sy\/tr\/index.php?rest_route=\/wp\/v2\/posts"}],"about":[{"href":"https:\/\/archive.sana.sy\/tr\/index.php?rest_route=\/wp\/v2\/types\/post"}],"author":[{"embeddable":true,"href":"https:\/\/archive.sana.sy\/tr\/index.php?rest_route=\/wp\/v2\/users\/1"}],"replies":[{"embeddable":true,"href":"https:\/\/archive.sana.sy\/tr\/index.php?rest_route=%2Fwp%2Fv2%2Fcomments&post=95212"}],"version-history":[{"count":0,"href":"https:\/\/archive.sana.sy\/tr\/index.php?rest_route=\/wp\/v2\/posts\/95212\/revisions"}],"wp:attachment":[{"href":"https:\/\/archive.sana.sy\/tr\/index.php?rest_route=%2Fwp%2Fv2%2Fmedia&parent=95212"}],"wp:term":[{"taxonomy":"category","embeddable":true,"href":"https:\/\/archive.sana.sy\/tr\/index.php?rest_route=%2Fwp%2Fv2%2Fcategories&post=95212"},{"taxonomy":"post_tag","embeddable":true,"href":"https:\/\/archive.sana.sy\/tr\/index.php?rest_route=%2Fwp%2Fv2%2Ftags&post=95212"}],"curies":[{"name":"wp","href":"https:\/\/api.w.org\/{rel}","templated":true}]}}