{"id":95241,"date":"2016-11-18T13:50:58","date_gmt":"2016-11-18T11:50:58","guid":{"rendered":"http:\/\/www.sana.sy\/tr\/?p=95241"},"modified":"2016-11-18T13:50:58","modified_gmt":"2016-11-18T11:50:58","slug":"sananin-halep-muhabiri-ihvanci-erdogan-rejimine-bagli-teroristlerin-firlattigi-bir-fuzenin-halep-kentinde-muhafaza-semtine-dusmesi-onucunda-2-kiz-cocugunun-sehit-9-vatandasin-da-yarali-dust","status":"publish","type":"post","link":"https:\/\/archive.sana.sy\/tr\/?p=95241","title":{"rendered":"SANA\u2019n\u0131n Halep muhabiri; ihvanc\u0131 Erdo\u011fan rejimine ba\u011fl\u0131 ter\u00f6ristlerin f\u0131rlatt\u0131\u011f\u0131 bir f\u00fczenin Halep Kentinde Muhafaza Semtine d\u00fc\u015fmesi onucunda 2 k\u0131z \u00e7ocu\u011funun \u015fehit, 9 vatanda\u015f\u0131n da yaral\u0131 d\u00fc\u015ft\u00fc\u011f\u00fcn\u00fc ifade etti"},"content":{"rendered":"<p>SANA\u2019n\u0131n Halep muhabiri; ihvanc\u0131 Erdo\u011fan rejimine ba\u011fl\u0131 ter\u00f6ristlerin f\u0131rlatt\u0131\u011f\u0131 bir f\u00fczenin Halep Kentinde Muhafaza Semtine d\u00fc\u015fmesi onucunda 2 k\u0131z \u00e7ocu\u011funun \u015fehit, 9 vatanda\u015f\u0131n da yaral\u0131 d\u00fc\u015ft\u00fc\u011f\u00fcn\u00fc ifade etti<\/p>\n","protected":false},"excerpt":{"rendered":"<p>SANA\u2019n\u0131n Halep muhabiri; ihvanc\u0131 Erdo\u011fan rejimine ba\u011fl\u0131 ter\u00f6ristlerin f\u0131rlatt\u0131\u011f\u0131 bir f\u00fczenin Halep Kentinde Muhafaza Semtine d\u00fc\u015fmesi onucunda 2 k\u0131z \u00e7ocu\u011funun \u015fehit, 9 vatanda\u015f\u0131n da yaral\u0131 d\u00fc\u015ft\u00fc\u011f\u00fcn\u00fc ifade etti<\/p>\n","protected":false},"author":1,"featured_media":0,"comment_status":"closed","ping_status":"closed","sticky":false,"template":"","format":"standard","meta":{"footnotes":""},"categories":[17991],"tags":[],"class_list":["post-95241","post","type-post","status-publish","format-standard","","category-son-dakika"],"_links":{"self":[{"href":"https:\/\/archive.sana.sy\/tr\/index.php?rest_route=\/wp\/v2\/posts\/95241","targetHints":{"allow":["GET"]}}],"collection":[{"href":"https:\/\/archive.sana.sy\/tr\/index.php?rest_route=\/wp\/v2\/posts"}],"about":[{"href":"https:\/\/archive.sana.sy\/tr\/index.php?rest_route=\/wp\/v2\/types\/post"}],"author":[{"embeddable":true,"href":"https:\/\/archive.sana.sy\/tr\/index.php?rest_route=\/wp\/v2\/users\/1"}],"replies":[{"embeddable":true,"href":"https:\/\/archive.sana.sy\/tr\/index.php?rest_route=%2Fwp%2Fv2%2Fcomments&post=95241"}],"version-history":[{"count":0,"href":"https:\/\/archive.sana.sy\/tr\/index.php?rest_route=\/wp\/v2\/posts\/95241\/revisions"}],"wp:attachment":[{"href":"https:\/\/archive.sana.sy\/tr\/index.php?rest_route=%2Fwp%2Fv2%2Fmedia&parent=95241"}],"wp:term":[{"taxonomy":"category","embeddable":true,"href":"https:\/\/archive.sana.sy\/tr\/index.php?rest_route=%2Fwp%2Fv2%2Fcategories&post=95241"},{"taxonomy":"post_tag","embeddable":true,"href":"https:\/\/archive.sana.sy\/tr\/index.php?rest_route=%2Fwp%2Fv2%2Ftags&post=95241"}],"curies":[{"name":"wp","href":"https:\/\/api.w.org\/{rel}","templated":true}]}}