{"id":9527,"date":"2014-09-09T13:50:16","date_gmt":"2014-09-09T10:50:16","guid":{"rendered":"http:\/\/www.sana.sy\/tr\/?p=9527"},"modified":"2014-09-10T12:53:22","modified_gmt":"2014-09-10T09:53:22","slug":"gaddar-saldirilarda-sehit-ve-yarali","status":"publish","type":"post","link":"https:\/\/archive.sana.sy\/tr\/?p=9527","title":{"rendered":"Gaddar Sald\u0131r\u0131larda \u015eehit ve Yaral\u0131"},"content":{"rendered":"<p>\u015eAM \u2013 Ordu birliklerimizin a\u011f\u0131r darbeleri alt\u0131nda verdikleri kay\u0131plar\u0131 hazmedemeyen tekfirci ve kiral\u0131k ter\u00f6r \u00e7eteleri muhtelif b\u00f6lgelerde sivil yerle\u015fim alanlar\u0131na gaddar sald\u0131r\u0131lar\u0131n\u0131 s\u00fcrd\u00fcr\u00fcyor.<\/p>\n<p>\u015eam \u00c7evre Kent Emniyet M\u00fcd\u00fcrl\u00fc\u011f\u00fcnde bir kaynak ter\u00f6ristlerin \u015eam k\u0131rsal\u0131 Ceramana Kasabas\u0131n\u0131 4 havan mermisiyle hedef ald\u0131klar\u0131n\u0131 belirtti.<\/p>\n<p>Kaynak hain sald\u0131r\u0131larda aralar\u0131nda be\u015f ya\u015flar\u0131nda bir k\u0131z \u00e7ocu\u011funun bulundu\u011fu 3 vatanda\u015f\u0131n \u015fehit, 7 vatanda\u015f\u0131n da yaral\u0131 d\u00fc\u015ft\u00fcklerini, \u00f6zel m\u00fclklerde de maddi hasar\u0131n olu\u015ftu\u011funu s\u00f6yledi.<\/p>\n<p>\u015eam Emniyet M\u00fcd\u00fcrl\u00fc\u011f\u00fcnde bir kaynak ise ter\u00f6ristlerin \u015eam\u2019\u0131n sivil yerle\u015fim alanlar\u0131ndan Ke\u015fk\u00fcl Altge\u00e7idi yak\u0131nlar\u0131na 4 havan mermisi f\u0131rlatt\u0131klar\u0131n\u0131 belirtti. Kaynak sald\u0131r\u0131larda 2 vatanda\u015f\u0131n \u015fehit, 15 vatanda\u015f\u0131n da yaral\u0131 d\u00fc\u015ft\u00fcklerini ifade etti.<\/p>\n<p>Ter\u00f6ristlerin Abbasiler Semtini 2, Hamidiye Semtini de bir havan mermisiyle hedef ald\u0131klar\u0131n\u0131 s\u00f6yleyen kaynak, burada sadece maddi hasar\u0131n olu\u015ftu\u011funu aktard\u0131.<\/p>\n","protected":false},"excerpt":{"rendered":"<p>\u015eAM \u2013 Ordu birliklerimizin a\u011f\u0131r darbeleri alt\u0131nda verdikleri kay\u0131plar\u0131 hazmedemeyen tekfirci ve kiral\u0131k ter\u00f6r \u00e7eteleri muhtelif b\u00f6lgelerde sivil yerle\u015fim alanlar\u0131na gaddar sald\u0131r\u0131lar\u0131n\u0131 s\u00fcrd\u00fcr\u00fcyor. \u015eam \u00c7evre Kent Emniyet M\u00fcd\u00fcrl\u00fc\u011f\u00fcnde bir kaynak ter\u00f6ristlerin \u015eam k\u0131rsal\u0131 Ceramana Kasabas\u0131n\u0131 4 havan mermisiyle hedef ald\u0131klar\u0131n\u0131 belirtti. Kaynak hain sald\u0131r\u0131larda aralar\u0131nda be\u015f ya\u015flar\u0131nda bir k\u0131z \u00e7ocu\u011funun bulundu\u011fu 3 vatanda\u015f\u0131n \u015fehit, 7 &hellip;<\/p>\n","protected":false},"author":1,"featured_media":9528,"comment_status":"closed","ping_status":"closed","sticky":false,"template":"","format":"standard","meta":{"footnotes":""},"categories":[479,575,478],"tags":[2143],"class_list":["post-9527","post","type-post","status-publish","format-standard","has-post-thumbnail","","category-haberler-yerel","category-olaylar-ve-gercekler","category-yerel","tag-gaddar-saldirilarda-sehit-ve-yarali"],"_links":{"self":[{"href":"https:\/\/archive.sana.sy\/tr\/index.php?rest_route=\/wp\/v2\/posts\/9527","targetHints":{"allow":["GET"]}}],"collection":[{"href":"https:\/\/archive.sana.sy\/tr\/index.php?rest_route=\/wp\/v2\/posts"}],"about":[{"href":"https:\/\/archive.sana.sy\/tr\/index.php?rest_route=\/wp\/v2\/types\/post"}],"author":[{"embeddable":true,"href":"https:\/\/archive.sana.sy\/tr\/index.php?rest_route=\/wp\/v2\/users\/1"}],"replies":[{"embeddable":true,"href":"https:\/\/archive.sana.sy\/tr\/index.php?rest_route=%2Fwp%2Fv2%2Fcomments&post=9527"}],"version-history":[{"count":0,"href":"https:\/\/archive.sana.sy\/tr\/index.php?rest_route=\/wp\/v2\/posts\/9527\/revisions"}],"wp:featuredmedia":[{"embeddable":true,"href":"https:\/\/archive.sana.sy\/tr\/index.php?rest_route=\/wp\/v2\/media\/9528"}],"wp:attachment":[{"href":"https:\/\/archive.sana.sy\/tr\/index.php?rest_route=%2Fwp%2Fv2%2Fmedia&parent=9527"}],"wp:term":[{"taxonomy":"category","embeddable":true,"href":"https:\/\/archive.sana.sy\/tr\/index.php?rest_route=%2Fwp%2Fv2%2Fcategories&post=9527"},{"taxonomy":"post_tag","embeddable":true,"href":"https:\/\/archive.sana.sy\/tr\/index.php?rest_route=%2Fwp%2Fv2%2Ftags&post=9527"}],"curies":[{"name":"wp","href":"https:\/\/api.w.org\/{rel}","templated":true}]}}