{"id":95358,"date":"2016-11-19T15:15:42","date_gmt":"2016-11-19T13:15:42","guid":{"rendered":"http:\/\/www.sana.sy\/tr\/?p=95358"},"modified":"2016-12-14T14:12:39","modified_gmt":"2016-12-14T12:12:39","slug":"ilimli-muhalifler-sivillere-saldirilarini-surduruyor","status":"publish","type":"post","link":"https:\/\/archive.sana.sy\/tr\/?p=95358","title":{"rendered":"\u2018Il\u0131ml\u0131 Muhalifler\u2019 Sivillere Sald\u0131r\u0131lar\u0131n\u0131 S\u00fcrd\u00fcr\u00fcyor"},"content":{"rendered":"<p>\u0130LLER \u2013 Bir k\u0131s\u0131m devletlerin \u2018\u0131l\u0131ml\u0131 muhalifler\u2019 ad\u0131n\u0131 verip onlara destek ve y\u00f6nlendirmelerde bulunduklar\u0131 ali kanl\u0131 ter\u00f6ristler bug\u00fcn de muhtelif b\u00f6lgelerde masum sivilleri geli\u015fig\u00fczel hedef almaya devam etti.<\/p>\n<p><span style=\"color: #0000ff\">\u015eAM:<\/span><\/p>\n<p>\u015eam Emniyet M\u00fcd\u00fcrl\u00fc\u011f\u00fcnde bir kaynak; Do\u011fu \u011euta\u2019da bulunan ve Al Suud rejimine tabi olan radikal ter\u00f6ristlerin bug\u00fcn ba\u015fkent \u015eam\u2019\u0131n muhtelif yerle\u015fim alanlar\u0131na sald\u0131r\u0131lar\u0131 kapsam\u0131nda Kaymariye Semtine d\u00fc\u015fen f\u00fczeler sonucunda 4 ki\u015finin yaraland\u0131\u011f\u0131n\u0131 belirtti.<\/p>\n<p><span style=\"color: #0000ff\">HALEP:<\/span><\/p>\n<p>Halep Emniyet M\u00fcd\u00fcrl\u00fc\u011f\u00fcnde bir kaynak; kentin do\u011fu semtlerinde bulunan s\u00f6zde \u2018\u0131l\u0131ml\u0131 muhaliflerin bug\u00fcn sivil yerle\u015fim alanlar\u0131ndan Azamiye Semtine f\u00fczelerle sald\u0131rmalar\u0131 sonucunda aralar\u0131nda bir kad\u0131n\u0131n bulundu\u011fu 2 vatanda\u015f\u0131n \u015fehit, 7 vatanda\u015f\u0131n da yaral\u0131 d\u00fc\u015ft\u00fcklerini belirtti.<\/p>\n","protected":false},"excerpt":{"rendered":"<p>\u0130LLER \u2013 Bir k\u0131s\u0131m devletlerin \u2018\u0131l\u0131ml\u0131 muhalifler\u2019 ad\u0131n\u0131 verip onlara destek ve y\u00f6nlendirmelerde bulunduklar\u0131 ali kanl\u0131 ter\u00f6ristler bug\u00fcn de muhtelif b\u00f6lgelerde masum sivilleri geli\u015fig\u00fczel hedef almaya devam etti. \u015eAM: \u015eam Emniyet M\u00fcd\u00fcrl\u00fc\u011f\u00fcnde bir kaynak; Do\u011fu \u011euta\u2019da bulunan ve Al Suud rejimine tabi olan radikal ter\u00f6ristlerin bug\u00fcn ba\u015fkent \u015eam\u2019\u0131n muhtelif yerle\u015fim alanlar\u0131na sald\u0131r\u0131lar\u0131 kapsam\u0131nda Kaymariye Semtine &hellip;<\/p>\n","protected":false},"author":1,"featured_media":95359,"comment_status":"closed","ping_status":"closed","sticky":false,"template":"","format":"standard","meta":{"footnotes":""},"categories":[479,575,17988,478],"tags":[18237,17606,5010,18723,19209,25362,18174,19043,19034],"class_list":["post-95358","post","type-post","status-publish","format-standard","has-post-thumbnail","","category-haberler-yerel","category-olaylar-ve-gercekler","category-son-haberler","category-yerel","tag-cihatcilar","tag-fuze-saldirilari","tag-havan-saldirilari","tag-muhalifler","tag-radikaller","tag-samda-son-durum","tag-sivillere-saldiri","tag-suriyede-son-durum","tag-suriyeli-muhalifler"],"_links":{"self":[{"href":"https:\/\/archive.sana.sy\/tr\/index.php?rest_route=\/wp\/v2\/posts\/95358","targetHints":{"allow":["GET"]}}],"collection":[{"href":"https:\/\/archive.sana.sy\/tr\/index.php?rest_route=\/wp\/v2\/posts"}],"about":[{"href":"https:\/\/archive.sana.sy\/tr\/index.php?rest_route=\/wp\/v2\/types\/post"}],"author":[{"embeddable":true,"href":"https:\/\/archive.sana.sy\/tr\/index.php?rest_route=\/wp\/v2\/users\/1"}],"replies":[{"embeddable":true,"href":"https:\/\/archive.sana.sy\/tr\/index.php?rest_route=%2Fwp%2Fv2%2Fcomments&post=95358"}],"version-history":[{"count":0,"href":"https:\/\/archive.sana.sy\/tr\/index.php?rest_route=\/wp\/v2\/posts\/95358\/revisions"}],"wp:featuredmedia":[{"embeddable":true,"href":"https:\/\/archive.sana.sy\/tr\/index.php?rest_route=\/wp\/v2\/media\/95359"}],"wp:attachment":[{"href":"https:\/\/archive.sana.sy\/tr\/index.php?rest_route=%2Fwp%2Fv2%2Fmedia&parent=95358"}],"wp:term":[{"taxonomy":"category","embeddable":true,"href":"https:\/\/archive.sana.sy\/tr\/index.php?rest_route=%2Fwp%2Fv2%2Fcategories&post=95358"},{"taxonomy":"post_tag","embeddable":true,"href":"https:\/\/archive.sana.sy\/tr\/index.php?rest_route=%2Fwp%2Fv2%2Ftags&post=95358"}],"curies":[{"name":"wp","href":"https:\/\/api.w.org\/{rel}","templated":true}]}}