{"id":95373,"date":"2016-11-19T11:36:46","date_gmt":"2016-11-19T09:36:46","guid":{"rendered":"http:\/\/www.sana.sy\/tr\/?p=95373"},"modified":"2016-11-19T14:29:20","modified_gmt":"2016-11-19T12:29:20","slug":"askeri-kaynak-ordu-birliklerimizin-homs-kentinin-yaklasik-13-km-kuzeyinde-yer-alan-telbise-bolgesinin-vare-koyu-ve-um-sarsuh-koyunun-batisi-bayke-mezralarinda-nusra-cephesinin-karargah-ve-araclarini-i","status":"publish","type":"post","link":"https:\/\/archive.sana.sy\/tr\/?p=95373","title":{"rendered":"Askeri kaynak ordu birliklerimizin Homs Kentinin yakla\u015f\u0131k 13 km kuzeyinde yer alan Telbise B\u00f6lgesinin Vare K\u00f6y\u00fc ve Um \u015ear\u015fuh K\u00f6y\u00fcn\u00fcn bat\u0131s\u0131 Bayke Mezralar\u0131nda Nusra Cephesinin karargah ve ara\u00e7lar\u0131n\u0131 i\u00e7indeki ter\u00f6ristler ve cephaneyle birlikte imha ettiklerini belirtti"},"content":{"rendered":"<p>Askeri kaynak ordu birliklerimizin Homs Kentinin yakla\u015f\u0131k 13 km kuzeyinde yer alan Telbise B\u00f6lgesinin Vare K\u00f6y\u00fc ve Um \u015ear\u015fuh K\u00f6y\u00fcn\u00fcn bat\u0131s\u0131 Bayke Mezralar\u0131nda Nusra Cephesinin karargah ve ara\u00e7lar\u0131n\u0131 i\u00e7indeki ter\u00f6ristler ve cephaneyle birlikte imha ettiklerini belirtti<\/p>\n","protected":false},"excerpt":{"rendered":"<p>Askeri kaynak ordu birliklerimizin Homs Kentinin yakla\u015f\u0131k 13 km kuzeyinde yer alan Telbise B\u00f6lgesinin Vare K\u00f6y\u00fc ve Um \u015ear\u015fuh K\u00f6y\u00fcn\u00fcn bat\u0131s\u0131 Bayke Mezralar\u0131nda Nusra Cephesinin karargah ve ara\u00e7lar\u0131n\u0131 i\u00e7indeki ter\u00f6ristler ve cephaneyle birlikte imha ettiklerini belirtti<\/p>\n","protected":false},"author":1,"featured_media":0,"comment_status":"closed","ping_status":"closed","sticky":false,"template":"","format":"standard","meta":{"footnotes":""},"categories":[17991],"tags":[],"class_list":["post-95373","post","type-post","status-publish","format-standard","","category-son-dakika"],"_links":{"self":[{"href":"https:\/\/archive.sana.sy\/tr\/index.php?rest_route=\/wp\/v2\/posts\/95373","targetHints":{"allow":["GET"]}}],"collection":[{"href":"https:\/\/archive.sana.sy\/tr\/index.php?rest_route=\/wp\/v2\/posts"}],"about":[{"href":"https:\/\/archive.sana.sy\/tr\/index.php?rest_route=\/wp\/v2\/types\/post"}],"author":[{"embeddable":true,"href":"https:\/\/archive.sana.sy\/tr\/index.php?rest_route=\/wp\/v2\/users\/1"}],"replies":[{"embeddable":true,"href":"https:\/\/archive.sana.sy\/tr\/index.php?rest_route=%2Fwp%2Fv2%2Fcomments&post=95373"}],"version-history":[{"count":0,"href":"https:\/\/archive.sana.sy\/tr\/index.php?rest_route=\/wp\/v2\/posts\/95373\/revisions"}],"wp:attachment":[{"href":"https:\/\/archive.sana.sy\/tr\/index.php?rest_route=%2Fwp%2Fv2%2Fmedia&parent=95373"}],"wp:term":[{"taxonomy":"category","embeddable":true,"href":"https:\/\/archive.sana.sy\/tr\/index.php?rest_route=%2Fwp%2Fv2%2Fcategories&post=95373"},{"taxonomy":"post_tag","embeddable":true,"href":"https:\/\/archive.sana.sy\/tr\/index.php?rest_route=%2Fwp%2Fv2%2Ftags&post=95373"}],"curies":[{"name":"wp","href":"https:\/\/api.w.org\/{rel}","templated":true}]}}