{"id":95388,"date":"2016-11-19T15:00:44","date_gmt":"2016-11-19T13:00:44","guid":{"rendered":"http:\/\/www.sana.sy\/tr\/?p=95388"},"modified":"2016-12-14T14:12:42","modified_gmt":"2016-12-14T12:12:42","slug":"cabalar-muhalefet-tarafindan-sabote-ediliyor","status":"publish","type":"post","link":"https:\/\/archive.sana.sy\/tr\/?p=95388","title":{"rendered":"\u00c7abalar \u2018Muhalefet\u2019 Taraf\u0131ndan Sabote Ediliyor"},"content":{"rendered":"<p>MOSKOVA \u2013 Rusya&#8217;n\u0131n Cenevre\u2019deki daimi temsilcili\u011finde diplomatik bir kaynak; Suriye ve Rusya&#8217;n\u0131n Halep\u2019te BM insani plan\u0131n\u0131n hayata ge\u00e7irilmesi i\u00e7in b\u00fcy\u00fck ve yo\u011fun \u00e7abalar harcad\u0131klar\u0131n\u0131 vurgularken, \u2018muhalefet\u2019 olarak adland\u0131r\u0131lan gruplar\u0131n ise bu plan\u0131 sabote etmek i\u00e7in her gayreti g\u00f6sterdiklerini belirtti.<\/p>\n<p>Kaynak bug\u00fcn yapt\u0131\u011f\u0131 ve RT web haber sitesinin aktard\u0131\u011f\u0131 a\u00e7\u0131klamalar\u0131nda; Halep\u2019in do\u011fusunda insani durumlar\u0131n iyile\u015ftirilmesi, sivillerin tahliyesi ve insani yard\u0131mlar\u0131n bu semtlere ge\u00e7irilmesi i\u00e7in \u015eam ve Moskova&#8217;n\u0131n her gayreti g\u00f6sterdiklerini belirtti. Kaynak fakat \u2018muhalefet\u2019 olarak adland\u0131r\u0131lan taraflar\u0131n s\u00f6zde siyasi komiteleri ve silahl\u0131 gruplarla e\u015fit bir \u015fekilde bu y\u00f6ndeki t\u00fcm \u00e7abalar\u0131 sabote etmeye \u00e7al\u0131\u015ft\u0131klar\u0131n\u0131 kaydetti.<\/p>\n<p>Rus kayna\u011f\u0131n bu a\u00e7\u0131klamalar\u0131 BM genel sekreterinin insani i\u015flerden sorumlu dan\u0131\u015fman\u0131n\u0131n; \u2018Halep\u2019te insani yard\u0131mlar\u0131n ula\u015f\u0131m\u0131n\u0131n Suriye h\u00fck\u00fcmeti taraf\u0131ndan engellendi\u011fi\u2019 y\u00f6n\u00fcndeki iddialar\u0131na cevap niteli\u011finde geldi.<\/p>\n","protected":false},"excerpt":{"rendered":"<p>MOSKOVA \u2013 Rusya&#8217;n\u0131n Cenevre\u2019deki daimi temsilcili\u011finde diplomatik bir kaynak; Suriye ve Rusya&#8217;n\u0131n Halep\u2019te BM insani plan\u0131n\u0131n hayata ge\u00e7irilmesi i\u00e7in b\u00fcy\u00fck ve yo\u011fun \u00e7abalar harcad\u0131klar\u0131n\u0131 vurgularken, \u2018muhalefet\u2019 olarak adland\u0131r\u0131lan gruplar\u0131n ise bu plan\u0131 sabote etmek i\u00e7in her gayreti g\u00f6sterdiklerini belirtti. Kaynak bug\u00fcn yapt\u0131\u011f\u0131 ve RT web haber sitesinin aktard\u0131\u011f\u0131 a\u00e7\u0131klamalar\u0131nda; Halep\u2019in do\u011fusunda insani durumlar\u0131n iyile\u015ftirilmesi, sivillerin &hellip;<\/p>\n","protected":false},"author":1,"featured_media":95389,"comment_status":"closed","ping_status":"closed","sticky":false,"template":"","format":"standard","meta":{"footnotes":""},"categories":[458,459,17988],"tags":[25364,25365],"class_list":["post-95388","post","type-post","status-publish","format-standard","has-post-thumbnail","","category-dunya1","category-haberler-arap-uluslararasi-politika","category-son-haberler","tag-cabalar-muhalefet-tarafindan-sabote-ediliyor","tag-suriye-ve-rusyanin-halepte-bm-insani-planinin-hayata-gecirilmesi-icin"],"_links":{"self":[{"href":"https:\/\/archive.sana.sy\/tr\/index.php?rest_route=\/wp\/v2\/posts\/95388","targetHints":{"allow":["GET"]}}],"collection":[{"href":"https:\/\/archive.sana.sy\/tr\/index.php?rest_route=\/wp\/v2\/posts"}],"about":[{"href":"https:\/\/archive.sana.sy\/tr\/index.php?rest_route=\/wp\/v2\/types\/post"}],"author":[{"embeddable":true,"href":"https:\/\/archive.sana.sy\/tr\/index.php?rest_route=\/wp\/v2\/users\/1"}],"replies":[{"embeddable":true,"href":"https:\/\/archive.sana.sy\/tr\/index.php?rest_route=%2Fwp%2Fv2%2Fcomments&post=95388"}],"version-history":[{"count":0,"href":"https:\/\/archive.sana.sy\/tr\/index.php?rest_route=\/wp\/v2\/posts\/95388\/revisions"}],"wp:featuredmedia":[{"embeddable":true,"href":"https:\/\/archive.sana.sy\/tr\/index.php?rest_route=\/wp\/v2\/media\/95389"}],"wp:attachment":[{"href":"https:\/\/archive.sana.sy\/tr\/index.php?rest_route=%2Fwp%2Fv2%2Fmedia&parent=95388"}],"wp:term":[{"taxonomy":"category","embeddable":true,"href":"https:\/\/archive.sana.sy\/tr\/index.php?rest_route=%2Fwp%2Fv2%2Fcategories&post=95388"},{"taxonomy":"post_tag","embeddable":true,"href":"https:\/\/archive.sana.sy\/tr\/index.php?rest_route=%2Fwp%2Fv2%2Ftags&post=95388"}],"curies":[{"name":"wp","href":"https:\/\/api.w.org\/{rel}","templated":true}]}}