{"id":95392,"date":"2016-11-19T15:06:42","date_gmt":"2016-11-19T13:06:42","guid":{"rendered":"http:\/\/www.sana.sy\/tr\/?p=95392"},"modified":"2016-11-19T15:14:45","modified_gmt":"2016-11-19T13:14:45","slug":"ordu-birliklerimizin-idlib-kirsali-bdama-bolgesinde-nusra-cephesinden-bir-teror-grubunu-hedef-aldiklarini-belirten-kaynak-operasyonda-teror-grubunun-havzalarinda-bulunan-cephaneyle-birlikte-etkisiz-h","status":"publish","type":"post","link":"https:\/\/archive.sana.sy\/tr\/?p=95392","title":{"rendered":"Ordu birliklerimizin \u0130dlib k\u0131rsal\u0131 Bdama B\u00f6lgesinde Nusra Cephesinden bir ter\u00f6r grubunu hedef ald\u0131klar\u0131n\u0131 belirten kaynak, operasyonda ter\u00f6r grubunun havzalar\u0131nda bulunan cephaneyle birlikte etkisiz hale getirildi\u011fini s\u00f6yledi"},"content":{"rendered":"<p>Ordu birliklerimizin \u0130dlib k\u0131rsal\u0131 Bdama B\u00f6lgesinde Nusra Cephesinden bir ter\u00f6r grubunu hedef ald\u0131klar\u0131n\u0131 belirten kaynak, operasyonda ter\u00f6r grubunun havzalar\u0131nda bulunan cephaneyle birlikte etkisiz hale getirildi\u011fini s\u00f6yledi<\/p>\n","protected":false},"excerpt":{"rendered":"<p>Ordu birliklerimizin \u0130dlib k\u0131rsal\u0131 Bdama B\u00f6lgesinde Nusra Cephesinden bir ter\u00f6r grubunu hedef ald\u0131klar\u0131n\u0131 belirten kaynak, operasyonda ter\u00f6r grubunun havzalar\u0131nda bulunan cephaneyle birlikte etkisiz hale getirildi\u011fini s\u00f6yledi<\/p>\n","protected":false},"author":1,"featured_media":0,"comment_status":"closed","ping_status":"closed","sticky":false,"template":"","format":"standard","meta":{"footnotes":""},"categories":[17991],"tags":[],"class_list":["post-95392","post","type-post","status-publish","format-standard","","category-son-dakika"],"_links":{"self":[{"href":"https:\/\/archive.sana.sy\/tr\/index.php?rest_route=\/wp\/v2\/posts\/95392","targetHints":{"allow":["GET"]}}],"collection":[{"href":"https:\/\/archive.sana.sy\/tr\/index.php?rest_route=\/wp\/v2\/posts"}],"about":[{"href":"https:\/\/archive.sana.sy\/tr\/index.php?rest_route=\/wp\/v2\/types\/post"}],"author":[{"embeddable":true,"href":"https:\/\/archive.sana.sy\/tr\/index.php?rest_route=\/wp\/v2\/users\/1"}],"replies":[{"embeddable":true,"href":"https:\/\/archive.sana.sy\/tr\/index.php?rest_route=%2Fwp%2Fv2%2Fcomments&post=95392"}],"version-history":[{"count":0,"href":"https:\/\/archive.sana.sy\/tr\/index.php?rest_route=\/wp\/v2\/posts\/95392\/revisions"}],"wp:attachment":[{"href":"https:\/\/archive.sana.sy\/tr\/index.php?rest_route=%2Fwp%2Fv2%2Fmedia&parent=95392"}],"wp:term":[{"taxonomy":"category","embeddable":true,"href":"https:\/\/archive.sana.sy\/tr\/index.php?rest_route=%2Fwp%2Fv2%2Fcategories&post=95392"},{"taxonomy":"post_tag","embeddable":true,"href":"https:\/\/archive.sana.sy\/tr\/index.php?rest_route=%2Fwp%2Fv2%2Ftags&post=95392"}],"curies":[{"name":"wp","href":"https:\/\/api.w.org\/{rel}","templated":true}]}}