{"id":95402,"date":"2016-11-19T15:58:41","date_gmt":"2016-11-19T13:58:41","guid":{"rendered":"http:\/\/www.sana.sy\/tr\/?p=95402"},"modified":"2016-11-19T16:11:54","modified_gmt":"2016-11-19T14:11:54","slug":"kaynak-han-el-siyh-yakinlarina-dusen-drusa-mezralarinda-da-nusra-cephesinin-mevki-ve-hareketlenmelerini-yogun-atese-tutup-cok-sayida-radikal-teroristi-ekipmanlariyla-birlikte-etkisiz-hale-getirdikleri","status":"publish","type":"post","link":"https:\/\/archive.sana.sy\/tr\/?p=95402","title":{"rendered":"Kaynak Han el \u015eiyh yak\u0131nlar\u0131na d\u00fc\u015fen Dru\u015fa Mezralar\u0131nda da Nusra Cephesinin mevki ve hareketlenmelerini yo\u011fun ate\u015fe tutup \u00e7ok say\u0131da radikal ter\u00f6risti ekipmanlar\u0131yla birlikte etkisiz hale getirdiklerini s\u00f6yledi"},"content":{"rendered":"<p>Kaynak Han el \u015eiyh yak\u0131nlar\u0131na d\u00fc\u015fen Dru\u015fa Mezralar\u0131nda da Nusra Cephesinin mevki ve hareketlenmelerini yo\u011fun ate\u015fe tutup \u00e7ok say\u0131da radikal ter\u00f6risti ekipmanlar\u0131yla birlikte etkisiz hale getirdiklerini s\u00f6yledi<\/p>\n","protected":false},"excerpt":{"rendered":"<p>Kaynak Han el \u015eiyh yak\u0131nlar\u0131na d\u00fc\u015fen Dru\u015fa Mezralar\u0131nda da Nusra Cephesinin mevki ve hareketlenmelerini yo\u011fun ate\u015fe tutup \u00e7ok say\u0131da radikal ter\u00f6risti ekipmanlar\u0131yla birlikte etkisiz hale getirdiklerini s\u00f6yledi<\/p>\n","protected":false},"author":1,"featured_media":0,"comment_status":"closed","ping_status":"closed","sticky":false,"template":"","format":"standard","meta":{"footnotes":""},"categories":[17991],"tags":[],"class_list":["post-95402","post","type-post","status-publish","format-standard","","category-son-dakika"],"_links":{"self":[{"href":"https:\/\/archive.sana.sy\/tr\/index.php?rest_route=\/wp\/v2\/posts\/95402","targetHints":{"allow":["GET"]}}],"collection":[{"href":"https:\/\/archive.sana.sy\/tr\/index.php?rest_route=\/wp\/v2\/posts"}],"about":[{"href":"https:\/\/archive.sana.sy\/tr\/index.php?rest_route=\/wp\/v2\/types\/post"}],"author":[{"embeddable":true,"href":"https:\/\/archive.sana.sy\/tr\/index.php?rest_route=\/wp\/v2\/users\/1"}],"replies":[{"embeddable":true,"href":"https:\/\/archive.sana.sy\/tr\/index.php?rest_route=%2Fwp%2Fv2%2Fcomments&post=95402"}],"version-history":[{"count":0,"href":"https:\/\/archive.sana.sy\/tr\/index.php?rest_route=\/wp\/v2\/posts\/95402\/revisions"}],"wp:attachment":[{"href":"https:\/\/archive.sana.sy\/tr\/index.php?rest_route=%2Fwp%2Fv2%2Fmedia&parent=95402"}],"wp:term":[{"taxonomy":"category","embeddable":true,"href":"https:\/\/archive.sana.sy\/tr\/index.php?rest_route=%2Fwp%2Fv2%2Fcategories&post=95402"},{"taxonomy":"post_tag","embeddable":true,"href":"https:\/\/archive.sana.sy\/tr\/index.php?rest_route=%2Fwp%2Fv2%2Ftags&post=95402"}],"curies":[{"name":"wp","href":"https:\/\/api.w.org\/{rel}","templated":true}]}}