{"id":9541,"date":"2014-09-09T15:52:32","date_gmt":"2014-09-09T12:52:32","guid":{"rendered":"http:\/\/www.sana.sy\/tr\/?p=9541"},"modified":"2014-09-09T15:52:32","modified_gmt":"2014-09-09T12:52:32","slug":"suriyeye-bir-teror-gecidi-olarak-kalmasi-icin-calisiyor","status":"publish","type":"post","link":"https:\/\/archive.sana.sy\/tr\/?p=9541","title":{"rendered":"Suriye\u2019ye Bir Ter\u00f6r Ge\u00e7idi Olarak Kalmas\u0131 \u0130\u00e7in \u00c7al\u0131\u015f\u0131yor"},"content":{"rendered":"<p>BEYRUT \u2013 L\u00fcbnanl\u0131 el Ahbar Gazetesi Suud krall\u0131k rejiminin L\u00fcbnanl\u0131 h\u00fck\u00fcmet ve ordunun Ersal b\u00f6lgesini ter\u00f6rist \u00f6rg\u00fctlerden temizlemesine izin vermedi\u011fini a\u00e7\u0131klad\u0131.<\/p>\n<p>Bug\u00fcnk\u00fc say\u0131s\u0131nda el Ahbar gazetesi Ersal ve k\u0131rsal\u0131nda ter\u00f6rist \u00e7etelere kar\u015f\u0131 m\u00fccadele etmek \u00fczere haz\u0131rl\u0131klar yapan L\u00fcbnan ordusunun g\u00f6revinde ba\u015far\u0131l\u0131 olmas\u0131 i\u00e7in siyasi bir karara ihtiyac\u0131 oldu\u011funu, ancak Suudi rejiminin Suriye&#8217;de \u015eam k\u0131rsal\u0131 Kalemun cephesinin durulmas\u0131n\u0131 engellemek i\u00e7in bu karar\u0131n tekerine \u00e7omak soktu\u011funu bildirdi.<\/p>\n<p>Suudi rejiminin iste\u011fini yapt\u0131rmak i\u00e7in L\u00fcbnan ordusunu silahland\u0131rmak \u00fczere ay\u0131rd\u0131\u011f\u0131n\u0131 duyurdu\u011fu 3 milyar dolarl\u0131k hibesini dondurmakla \u015fantaj yapt\u0131\u011f\u0131n\u0131 aktaran gazete, ordunun cephanelik k\u0131tl\u0131\u011f\u0131 sorunu \u00e7ekti\u011fine dikkat \u00e7ekmekle beraber Saad Hariri ba\u015fkanl\u0131\u011f\u0131ndaki 14 Mart adl\u0131 siyasi ak\u0131m\u0131n Suudi talimatlara uydu\u011funun alt\u0131n\u0131 \u00e7izdi.<\/p>\n<p>El Ahbar gazetesinin haberini dayand\u0131rd\u0131\u011f\u0131 kaynaklar Ersal ve Kalemun b\u00f6lgelerinde ter\u00f6rle m\u00fccadelenin Suriye ve L\u00fcbnan ordular\u0131n\u0131n b\u00f6lgenin co\u011frafik yap\u0131s\u0131 itibariyle i\u015fbirli\u011fi yapmalar\u0131n\u0131 gerektirdi\u011fine dikkat \u00e7ekti. Buna kar\u015f\u0131n Suud rejiminin Suriye\u2019de hala \u00fcmitsizli\u011fe kap\u0131lmay\u0131p Kalemun b\u00f6lgesini ter\u00f6rden temizlettirmemek i\u00e7in Kalemun\u2019un kap\u0131s\u0131 addedilen Ersal\u2019de operasyon d\u00fczenlenmesini \u00f6nledi\u011fi bildirildi.<\/p>\n","protected":false},"excerpt":{"rendered":"<p>BEYRUT \u2013 L\u00fcbnanl\u0131 el Ahbar Gazetesi Suud krall\u0131k rejiminin L\u00fcbnanl\u0131 h\u00fck\u00fcmet ve ordunun Ersal b\u00f6lgesini ter\u00f6rist \u00f6rg\u00fctlerden temizlemesine izin vermedi\u011fini a\u00e7\u0131klad\u0131. Bug\u00fcnk\u00fc say\u0131s\u0131nda el Ahbar gazetesi Ersal ve k\u0131rsal\u0131nda ter\u00f6rist \u00e7etelere kar\u015f\u0131 m\u00fccadele etmek \u00fczere haz\u0131rl\u0131klar yapan L\u00fcbnan ordusunun g\u00f6revinde ba\u015far\u0131l\u0131 olmas\u0131 i\u00e7in siyasi bir karara ihtiyac\u0131 oldu\u011funu, ancak Suudi rejiminin Suriye&#8217;de \u015eam k\u0131rsal\u0131 Kalemun &hellip;<\/p>\n","protected":false},"author":1,"featured_media":9542,"comment_status":"closed","ping_status":"closed","sticky":false,"template":"","format":"standard","meta":{"footnotes":""},"categories":[558,556,458,459,447],"tags":[2146],"class_list":["post-9541","post","type-post","status-publish","format-standard","has-post-thumbnail","","category-arap-basini","category-basin","category-dunya1","category-haberler-arap-uluslararasi-politika","category-politika","tag-suriyeye-bir-teror-gecidi-olarak-kalmasi-icin-calisiyor"],"_links":{"self":[{"href":"https:\/\/archive.sana.sy\/tr\/index.php?rest_route=\/wp\/v2\/posts\/9541","targetHints":{"allow":["GET"]}}],"collection":[{"href":"https:\/\/archive.sana.sy\/tr\/index.php?rest_route=\/wp\/v2\/posts"}],"about":[{"href":"https:\/\/archive.sana.sy\/tr\/index.php?rest_route=\/wp\/v2\/types\/post"}],"author":[{"embeddable":true,"href":"https:\/\/archive.sana.sy\/tr\/index.php?rest_route=\/wp\/v2\/users\/1"}],"replies":[{"embeddable":true,"href":"https:\/\/archive.sana.sy\/tr\/index.php?rest_route=%2Fwp%2Fv2%2Fcomments&post=9541"}],"version-history":[{"count":0,"href":"https:\/\/archive.sana.sy\/tr\/index.php?rest_route=\/wp\/v2\/posts\/9541\/revisions"}],"wp:featuredmedia":[{"embeddable":true,"href":"https:\/\/archive.sana.sy\/tr\/index.php?rest_route=\/wp\/v2\/media\/9542"}],"wp:attachment":[{"href":"https:\/\/archive.sana.sy\/tr\/index.php?rest_route=%2Fwp%2Fv2%2Fmedia&parent=9541"}],"wp:term":[{"taxonomy":"category","embeddable":true,"href":"https:\/\/archive.sana.sy\/tr\/index.php?rest_route=%2Fwp%2Fv2%2Fcategories&post=9541"},{"taxonomy":"post_tag","embeddable":true,"href":"https:\/\/archive.sana.sy\/tr\/index.php?rest_route=%2Fwp%2Fv2%2Ftags&post=9541"}],"curies":[{"name":"wp","href":"https:\/\/api.w.org\/{rel}","templated":true}]}}