{"id":95420,"date":"2016-11-20T12:01:09","date_gmt":"2016-11-20T10:01:09","guid":{"rendered":"http:\/\/www.sana.sy\/tr\/?p=95420"},"modified":"2016-11-20T12:02:24","modified_gmt":"2016-11-20T10:02:24","slug":"halepte-sana-muhabir-radikal-teroristlerin-furkan-semtinde-ilkogretim-okulunu-fuzesiyle-hedef-almalariyla-5-ogrencinin-sehit-dustugunu-10-ogrencinin-de-yaralandigini-kaydetti","status":"publish","type":"post","link":"https:\/\/archive.sana.sy\/tr\/?p=95420","title":{"rendered":"Halep\u2019te SANA muhabir; radikal ter\u00f6ristlerin Furkan Semtinde \u0130lk\u00f6\u011fretim Okulunu f\u00fczeyle hedef almalar\u0131yla 5 \u00f6\u011frencinin \u015fehit d\u00fc\u015ft\u00fc\u011f\u00fcn\u00fc; 10 \u00f6\u011frencinin de yaraland\u0131\u011f\u0131n\u0131 kaydetti"},"content":{"rendered":"<p>Halep\u2019te SANA muhabir; radikal ter\u00f6ristlerin Furkan Semtinde \u0130lk\u00f6\u011fretim Okulunu f\u00fczeyle hedef almalar\u0131yla 5 \u00f6\u011frencinin \u015fehit d\u00fc\u015ft\u00fc\u011f\u00fcn\u00fc; 10 \u00f6\u011frencinin de yaraland\u0131\u011f\u0131n\u0131 kaydetti<\/p>\n","protected":false},"excerpt":{"rendered":"<p>Halep\u2019te SANA muhabir; radikal ter\u00f6ristlerin Furkan Semtinde \u0130lk\u00f6\u011fretim Okulunu f\u00fczeyle hedef almalar\u0131yla 5 \u00f6\u011frencinin \u015fehit d\u00fc\u015ft\u00fc\u011f\u00fcn\u00fc; 10 \u00f6\u011frencinin de yaraland\u0131\u011f\u0131n\u0131 kaydetti<\/p>\n","protected":false},"author":1,"featured_media":0,"comment_status":"closed","ping_status":"closed","sticky":false,"template":"","format":"standard","meta":{"footnotes":""},"categories":[17991],"tags":[],"class_list":["post-95420","post","type-post","status-publish","format-standard","","category-son-dakika"],"_links":{"self":[{"href":"https:\/\/archive.sana.sy\/tr\/index.php?rest_route=\/wp\/v2\/posts\/95420","targetHints":{"allow":["GET"]}}],"collection":[{"href":"https:\/\/archive.sana.sy\/tr\/index.php?rest_route=\/wp\/v2\/posts"}],"about":[{"href":"https:\/\/archive.sana.sy\/tr\/index.php?rest_route=\/wp\/v2\/types\/post"}],"author":[{"embeddable":true,"href":"https:\/\/archive.sana.sy\/tr\/index.php?rest_route=\/wp\/v2\/users\/1"}],"replies":[{"embeddable":true,"href":"https:\/\/archive.sana.sy\/tr\/index.php?rest_route=%2Fwp%2Fv2%2Fcomments&post=95420"}],"version-history":[{"count":0,"href":"https:\/\/archive.sana.sy\/tr\/index.php?rest_route=\/wp\/v2\/posts\/95420\/revisions"}],"wp:attachment":[{"href":"https:\/\/archive.sana.sy\/tr\/index.php?rest_route=%2Fwp%2Fv2%2Fmedia&parent=95420"}],"wp:term":[{"taxonomy":"category","embeddable":true,"href":"https:\/\/archive.sana.sy\/tr\/index.php?rest_route=%2Fwp%2Fv2%2Fcategories&post=95420"},{"taxonomy":"post_tag","embeddable":true,"href":"https:\/\/archive.sana.sy\/tr\/index.php?rest_route=%2Fwp%2Fv2%2Ftags&post=95420"}],"curies":[{"name":"wp","href":"https:\/\/api.w.org\/{rel}","templated":true}]}}