{"id":95438,"date":"2016-11-20T10:00:13","date_gmt":"2016-11-20T08:00:13","guid":{"rendered":"http:\/\/www.sana.sy\/tr\/?p=95438"},"modified":"2016-11-22T09:48:56","modified_gmt":"2016-11-22T07:48:56","slug":"kuduste-ezanin-yasaklanmasini-kinadilar","status":"publish","type":"post","link":"https:\/\/archive.sana.sy\/tr\/?p=95438","title":{"rendered":"Kud\u00fcs\u2019te Ezan\u2019\u0131n Yasaklanmas\u0131n\u0131 K\u0131nad\u0131lar"},"content":{"rendered":"<p>\u015eAM \u2013 Vak\u0131flar Bakanl\u0131\u011f\u0131 ve Bilad el \u015eam Ulemalar Birli\u011fi; Siyonist otoritelerin, i\u015fgal alt\u0131ndaki Filistin topraklar\u0131n\u0131n Kud\u00fcs \u015eehrinde mescit ve camilerde ezan\u0131n okunmas\u0131n\u0131 yasaklamalar\u0131n\u0131 keskin ifadelerle k\u0131nad\u0131.<\/p>\n<p>Bakanl\u0131k ve Birlik yay\u0131nlad\u0131klar\u0131 k\u0131nama beyan\u0131nda i\u015fgalci siyonist otoritelerin, \u0130slam d\u00fc\u015fman\u0131 bu provokat\u00f6r uygulamalar\u0131yla uluslar aras\u0131 kanunlar\u0131 ihlal etti\u011fine vurgu yap\u0131ld\u0131.<\/p>\n<p>Siyonist i\u015fgal otoriteleri birka\u00e7 g\u00fcn \u00f6nce Aksa Mescidi ve Kud\u00fcs \u015eehrinin muhtelif b\u00f6lgelerindeki mescit ve camilerde ezan okunmas\u0131n\u0131 yasaklayan bir karar ilan etmi\u015fti.<\/p>\n","protected":false},"excerpt":{"rendered":"<p>\u015eAM \u2013 Vak\u0131flar Bakanl\u0131\u011f\u0131 ve Bilad el \u015eam Ulemalar Birli\u011fi; Siyonist otoritelerin, i\u015fgal alt\u0131ndaki Filistin topraklar\u0131n\u0131n Kud\u00fcs \u015eehrinde mescit ve camilerde ezan\u0131n okunmas\u0131n\u0131 yasaklamalar\u0131n\u0131 keskin ifadelerle k\u0131nad\u0131. Bakanl\u0131k ve Birlik yay\u0131nlad\u0131klar\u0131 k\u0131nama beyan\u0131nda i\u015fgalci siyonist otoritelerin, \u0130slam d\u00fc\u015fman\u0131 bu provokat\u00f6r uygulamalar\u0131yla uluslar aras\u0131 kanunlar\u0131 ihlal etti\u011fine vurgu yap\u0131ld\u0131. Siyonist i\u015fgal otoriteleri birka\u00e7 g\u00fcn \u00f6nce Aksa &hellip;<\/p>\n","protected":false},"author":1,"featured_media":95440,"comment_status":"closed","ping_status":"closed","sticky":false,"template":"","format":"standard","meta":{"footnotes":""},"categories":[479,17988,478],"tags":[25366],"class_list":["post-95438","post","type-post","status-publish","format-standard","has-post-thumbnail","","category-haberler-yerel","category-son-haberler","category-yerel","tag-kuduste-ezanin-yasaklanmasini-kinadilar"],"_links":{"self":[{"href":"https:\/\/archive.sana.sy\/tr\/index.php?rest_route=\/wp\/v2\/posts\/95438","targetHints":{"allow":["GET"]}}],"collection":[{"href":"https:\/\/archive.sana.sy\/tr\/index.php?rest_route=\/wp\/v2\/posts"}],"about":[{"href":"https:\/\/archive.sana.sy\/tr\/index.php?rest_route=\/wp\/v2\/types\/post"}],"author":[{"embeddable":true,"href":"https:\/\/archive.sana.sy\/tr\/index.php?rest_route=\/wp\/v2\/users\/1"}],"replies":[{"embeddable":true,"href":"https:\/\/archive.sana.sy\/tr\/index.php?rest_route=%2Fwp%2Fv2%2Fcomments&post=95438"}],"version-history":[{"count":0,"href":"https:\/\/archive.sana.sy\/tr\/index.php?rest_route=\/wp\/v2\/posts\/95438\/revisions"}],"wp:featuredmedia":[{"embeddable":true,"href":"https:\/\/archive.sana.sy\/tr\/index.php?rest_route=\/wp\/v2\/media\/95440"}],"wp:attachment":[{"href":"https:\/\/archive.sana.sy\/tr\/index.php?rest_route=%2Fwp%2Fv2%2Fmedia&parent=95438"}],"wp:term":[{"taxonomy":"category","embeddable":true,"href":"https:\/\/archive.sana.sy\/tr\/index.php?rest_route=%2Fwp%2Fv2%2Fcategories&post=95438"},{"taxonomy":"post_tag","embeddable":true,"href":"https:\/\/archive.sana.sy\/tr\/index.php?rest_route=%2Fwp%2Fv2%2Ftags&post=95438"}],"curies":[{"name":"wp","href":"https:\/\/api.w.org\/{rel}","templated":true}]}}