{"id":9546,"date":"2014-09-09T21:56:27","date_gmt":"2014-09-09T18:56:27","guid":{"rendered":"http:\/\/www.sana.sy\/tr\/?p=9546"},"modified":"2014-09-09T21:56:27","modified_gmt":"2014-09-09T18:56:27","slug":"bm-suriye-ozel-temsilcisi-de-mistura-sama-vardi","status":"publish","type":"post","link":"https:\/\/archive.sana.sy\/tr\/?p=9546","title":{"rendered":"BM Suriye \u00d6zel Temsilcisi de Mistura \u015eam\u2019a Vard\u0131"},"content":{"rendered":"<p>\u015eAM \u2013 Birle\u015fmi\u015f Milletler (BM) Suriye \u00f6zel temsilcisi Staffan de Mistura eski temsilci Ahdar \u0130brahimi\u2019nin istifas\u0131ndan sonra BM Genel Sekreteri Ban Ki-moon taraf\u0131ndan g\u00f6revine atanmas\u0131ndan beri Suriye&#8217;ye ilk ziyaretinde bug\u00fcn \u015eam\u2019a ula\u015ft\u0131.<\/p>\n<p>BM temsilcisine M\u0131s\u0131rl\u0131 diplomat yard\u0131mc\u0131s\u0131 Remzi \u0130zzettin Remzi e\u015flik ederken BM d\u00fcn; de Mistura\u2019n\u0131n b\u00f6lge ziyaretinin bir\u00e7ok devleti kapsad\u0131\u011f\u0131n\u0131 ilan etti.<\/p>\n<p>Suriye Arap Cumhuriyeti; de Mistura\u2019n\u0131n g\u00f6reve atanmas\u0131n\u0131 memnuniyetle kar\u015f\u0131lad\u0131\u011f\u0131n\u0131 ilan ederken, g\u00f6revinde d\u00fcr\u00fcstl\u00fck ve tarafs\u0131zl\u0131\u011fa ba\u011fl\u0131 kalmas\u0131, uluslar aras\u0131 kanun ve ilkelerin yan\u0131 s\u0131ra egemen ve ba\u011f\u0131ms\u0131z devletlerin i\u00e7i\u015flerine m\u00fcdahale etmeyip egemenli\u011fine sayg\u0131 g\u00f6stermesi ba\u015fta olmak \u00fczere BM misak\u0131na tutunmas\u0131 temennilerinde bulunmu\u015ftu.<\/p>\n","protected":false},"excerpt":{"rendered":"<p>\u015eAM \u2013 Birle\u015fmi\u015f Milletler (BM) Suriye \u00f6zel temsilcisi Staffan de Mistura eski temsilci Ahdar \u0130brahimi\u2019nin istifas\u0131ndan sonra BM Genel Sekreteri Ban Ki-moon taraf\u0131ndan g\u00f6revine atanmas\u0131ndan beri Suriye&#8217;ye ilk ziyaretinde bug\u00fcn \u015eam\u2019a ula\u015ft\u0131. BM temsilcisine M\u0131s\u0131rl\u0131 diplomat yard\u0131mc\u0131s\u0131 Remzi \u0130zzettin Remzi e\u015flik ederken BM d\u00fcn; de Mistura\u2019n\u0131n b\u00f6lge ziyaretinin bir\u00e7ok devleti kapsad\u0131\u011f\u0131n\u0131 ilan etti. Suriye Arap &hellip;<\/p>\n","protected":false},"author":1,"featured_media":9548,"comment_status":"closed","ping_status":"closed","sticky":false,"template":"","format":"standard","meta":{"footnotes":""},"categories":[479,447,478],"tags":[2147],"class_list":["post-9546","post","type-post","status-publish","format-standard","has-post-thumbnail","","category-haberler-yerel","category-politika","category-yerel","tag-bm-suriye-ozel-temsilcisi-de-mistura-sama-vardi"],"_links":{"self":[{"href":"https:\/\/archive.sana.sy\/tr\/index.php?rest_route=\/wp\/v2\/posts\/9546","targetHints":{"allow":["GET"]}}],"collection":[{"href":"https:\/\/archive.sana.sy\/tr\/index.php?rest_route=\/wp\/v2\/posts"}],"about":[{"href":"https:\/\/archive.sana.sy\/tr\/index.php?rest_route=\/wp\/v2\/types\/post"}],"author":[{"embeddable":true,"href":"https:\/\/archive.sana.sy\/tr\/index.php?rest_route=\/wp\/v2\/users\/1"}],"replies":[{"embeddable":true,"href":"https:\/\/archive.sana.sy\/tr\/index.php?rest_route=%2Fwp%2Fv2%2Fcomments&post=9546"}],"version-history":[{"count":0,"href":"https:\/\/archive.sana.sy\/tr\/index.php?rest_route=\/wp\/v2\/posts\/9546\/revisions"}],"wp:featuredmedia":[{"embeddable":true,"href":"https:\/\/archive.sana.sy\/tr\/index.php?rest_route=\/wp\/v2\/media\/9548"}],"wp:attachment":[{"href":"https:\/\/archive.sana.sy\/tr\/index.php?rest_route=%2Fwp%2Fv2%2Fmedia&parent=9546"}],"wp:term":[{"taxonomy":"category","embeddable":true,"href":"https:\/\/archive.sana.sy\/tr\/index.php?rest_route=%2Fwp%2Fv2%2Fcategories&post=9546"},{"taxonomy":"post_tag","embeddable":true,"href":"https:\/\/archive.sana.sy\/tr\/index.php?rest_route=%2Fwp%2Fv2%2Ftags&post=9546"}],"curies":[{"name":"wp","href":"https:\/\/api.w.org\/{rel}","templated":true}]}}