{"id":95471,"date":"2016-11-20T13:04:46","date_gmt":"2016-11-20T11:04:46","guid":{"rendered":"http:\/\/www.sana.sy\/tr\/?p=95471"},"modified":"2016-11-20T13:25:40","modified_gmt":"2016-11-20T11:25:40","slug":"gorusmenin-ardindan-duzenlenen-ortak-basin-toplantisinda-muallim-de-mistura-ve-ona-eslik-eden-heyet-ile-bir-dizi-konuyu-gorustuk-de-misturadan-suriyeliler-arasinda-diyalog-gorusme","status":"publish","type":"post","link":"https:\/\/archive.sana.sy\/tr\/?p=95471","title":{"rendered":"G\u00f6r\u00fc\u015fmenin ard\u0131ndan d\u00fczenlenen ortak bas\u0131n toplant\u0131s\u0131nda Muallim; \u201cde Mistura ve ona e\u015flik eden heyet ile bir dizi konuyu g\u00f6r\u00fc\u015ft\u00fck. De Mistura\u2019dan, Suriyeliler aras\u0131nda diyalog g\u00f6r\u00fc\u015fmelerinin ba\u015flamas\u0131 i\u00e7in tarih belirlemesini bekliyorduk. Fakat kendisinden b\u00f6yle bir \u015fey duymad\u0131k..\u201d ifadesini kulland\u0131."},"content":{"rendered":"<p>G\u00f6r\u00fc\u015fmenin ard\u0131ndan d\u00fczenlenen ortak bas\u0131n toplant\u0131s\u0131nda Muallim; \u201cde Mistura ve ona e\u015flik eden heyet ile bir dizi konuyu g\u00f6r\u00fc\u015ft\u00fck. De Mistura\u2019dan, Suriyeliler aras\u0131nda diyalog g\u00f6r\u00fc\u015fmelerinin ba\u015flamas\u0131 i\u00e7in tarih belirlemesini bekliyorduk. Fakat kendisinden b\u00f6yle bir \u015fey duymad\u0131k..\u201d ifadesini kulland\u0131.<\/p>\n","protected":false},"excerpt":{"rendered":"<p>G\u00f6r\u00fc\u015fmenin ard\u0131ndan d\u00fczenlenen ortak bas\u0131n toplant\u0131s\u0131nda Muallim; \u201cde Mistura ve ona e\u015flik eden heyet ile bir dizi konuyu g\u00f6r\u00fc\u015ft\u00fck. De Mistura\u2019dan, Suriyeliler aras\u0131nda diyalog g\u00f6r\u00fc\u015fmelerinin ba\u015flamas\u0131 i\u00e7in tarih belirlemesini bekliyorduk. Fakat kendisinden b\u00f6yle bir \u015fey duymad\u0131k..\u201d ifadesini kulland\u0131.<\/p>\n","protected":false},"author":1,"featured_media":0,"comment_status":"closed","ping_status":"closed","sticky":false,"template":"","format":"standard","meta":{"footnotes":""},"categories":[17991],"tags":[],"class_list":["post-95471","post","type-post","status-publish","format-standard","","category-son-dakika"],"_links":{"self":[{"href":"https:\/\/archive.sana.sy\/tr\/index.php?rest_route=\/wp\/v2\/posts\/95471","targetHints":{"allow":["GET"]}}],"collection":[{"href":"https:\/\/archive.sana.sy\/tr\/index.php?rest_route=\/wp\/v2\/posts"}],"about":[{"href":"https:\/\/archive.sana.sy\/tr\/index.php?rest_route=\/wp\/v2\/types\/post"}],"author":[{"embeddable":true,"href":"https:\/\/archive.sana.sy\/tr\/index.php?rest_route=\/wp\/v2\/users\/1"}],"replies":[{"embeddable":true,"href":"https:\/\/archive.sana.sy\/tr\/index.php?rest_route=%2Fwp%2Fv2%2Fcomments&post=95471"}],"version-history":[{"count":0,"href":"https:\/\/archive.sana.sy\/tr\/index.php?rest_route=\/wp\/v2\/posts\/95471\/revisions"}],"wp:attachment":[{"href":"https:\/\/archive.sana.sy\/tr\/index.php?rest_route=%2Fwp%2Fv2%2Fmedia&parent=95471"}],"wp:term":[{"taxonomy":"category","embeddable":true,"href":"https:\/\/archive.sana.sy\/tr\/index.php?rest_route=%2Fwp%2Fv2%2Fcategories&post=95471"},{"taxonomy":"post_tag","embeddable":true,"href":"https:\/\/archive.sana.sy\/tr\/index.php?rest_route=%2Fwp%2Fv2%2Ftags&post=95471"}],"curies":[{"name":"wp","href":"https:\/\/api.w.org\/{rel}","templated":true}]}}