{"id":95474,"date":"2016-11-20T13:06:41","date_gmt":"2016-11-20T11:06:41","guid":{"rendered":"http:\/\/www.sana.sy\/tr\/?p=95474"},"modified":"2016-11-20T13:29:06","modified_gmt":"2016-11-20T11:29:06","slug":"muallim-halepin-dogusunda-teroristler-tarafindan-canli-kalkan-olarak-kullanilan-sivil-vatandaslarin-guvenli-bir-sekilde-cikmalari-ve-tum-ihtiyaclarinin-karsilanacagi-gecici-ikamet-merkezleri","status":"publish","type":"post","link":"https:\/\/archive.sana.sy\/tr\/?p=95474","title":{"rendered":"Muallim, Halep\u2019in do\u011fusunda ter\u00f6ristler taraf\u0131ndan canl\u0131 kalkan olarak kullan\u0131lan sivil vatanda\u015flar\u0131n g\u00fcvenli bir \u015fekilde \u00e7\u0131kmalar\u0131 ve t\u00fcm ihtiya\u00e7lar\u0131n\u0131n kar\u015f\u0131lanaca\u011f\u0131 ge\u00e7ici ikamet merkezlerine tahliye edilmeleri amac\u0131yla Suriye&#8217;nin \u00fc\u00e7 kez \u00e7at\u0131\u015fmalar\u0131 durdurup f\u0131rsat verdi\u011fini ifade etti"},"content":{"rendered":"<p>Muallim, Halep\u2019in do\u011fusunda ter\u00f6ristler taraf\u0131ndan canl\u0131 kalkan olarak kullan\u0131lan sivil vatanda\u015flar\u0131n g\u00fcvenli bir \u015fekilde \u00e7\u0131kmalar\u0131 ve t\u00fcm ihtiya\u00e7lar\u0131n\u0131n kar\u015f\u0131lanaca\u011f\u0131 ge\u00e7ici ikamet merkezlerine tahliye edilmeleri amac\u0131yla Suriye&#8217;nin \u00fc\u00e7 kez \u00e7at\u0131\u015fmalar\u0131 durdurup f\u0131rsat verdi\u011fini ifade etti<\/p>\n","protected":false},"excerpt":{"rendered":"<p>Muallim, Halep\u2019in do\u011fusunda ter\u00f6ristler taraf\u0131ndan canl\u0131 kalkan olarak kullan\u0131lan sivil vatanda\u015flar\u0131n g\u00fcvenli bir \u015fekilde \u00e7\u0131kmalar\u0131 ve t\u00fcm ihtiya\u00e7lar\u0131n\u0131n kar\u015f\u0131lanaca\u011f\u0131 ge\u00e7ici ikamet merkezlerine tahliye edilmeleri amac\u0131yla Suriye&#8217;nin \u00fc\u00e7 kez \u00e7at\u0131\u015fmalar\u0131 durdurup f\u0131rsat verdi\u011fini ifade etti<\/p>\n","protected":false},"author":1,"featured_media":0,"comment_status":"closed","ping_status":"closed","sticky":false,"template":"","format":"standard","meta":{"footnotes":""},"categories":[17991],"tags":[],"class_list":["post-95474","post","type-post","status-publish","format-standard","","category-son-dakika"],"_links":{"self":[{"href":"https:\/\/archive.sana.sy\/tr\/index.php?rest_route=\/wp\/v2\/posts\/95474","targetHints":{"allow":["GET"]}}],"collection":[{"href":"https:\/\/archive.sana.sy\/tr\/index.php?rest_route=\/wp\/v2\/posts"}],"about":[{"href":"https:\/\/archive.sana.sy\/tr\/index.php?rest_route=\/wp\/v2\/types\/post"}],"author":[{"embeddable":true,"href":"https:\/\/archive.sana.sy\/tr\/index.php?rest_route=\/wp\/v2\/users\/1"}],"replies":[{"embeddable":true,"href":"https:\/\/archive.sana.sy\/tr\/index.php?rest_route=%2Fwp%2Fv2%2Fcomments&post=95474"}],"version-history":[{"count":0,"href":"https:\/\/archive.sana.sy\/tr\/index.php?rest_route=\/wp\/v2\/posts\/95474\/revisions"}],"wp:attachment":[{"href":"https:\/\/archive.sana.sy\/tr\/index.php?rest_route=%2Fwp%2Fv2%2Fmedia&parent=95474"}],"wp:term":[{"taxonomy":"category","embeddable":true,"href":"https:\/\/archive.sana.sy\/tr\/index.php?rest_route=%2Fwp%2Fv2%2Fcategories&post=95474"},{"taxonomy":"post_tag","embeddable":true,"href":"https:\/\/archive.sana.sy\/tr\/index.php?rest_route=%2Fwp%2Fv2%2Ftags&post=95474"}],"curies":[{"name":"wp","href":"https:\/\/api.w.org\/{rel}","templated":true}]}}