{"id":95476,"date":"2016-11-20T13:08:55","date_gmt":"2016-11-20T11:08:55","guid":{"rendered":"http:\/\/www.sana.sy\/tr\/?p=95476"},"modified":"2016-11-20T13:29:27","modified_gmt":"2016-11-20T11:29:27","slug":"sivil-vatandaslarin-ve-cikmak-isteyen-herkesin-guvenli-cikisi-icin-insani-koridorlar-temin-edildigine-de-dikkat-ceken-muallim-fakat-teror-orgutlerin-firsatlari-kullanmayip-sivillerin-cikmalarina-da-i","status":"publish","type":"post","link":"https:\/\/archive.sana.sy\/tr\/?p=95476","title":{"rendered":"Sivil vatanda\u015flar\u0131n ve \u00e7\u0131kmak isteyen herkesin g\u00fcvenli \u00e7\u0131k\u0131\u015f\u0131 i\u00e7in insani koridorlar temin edildi\u011fine de dikkat \u00e7eken Muallim, fakat ter\u00f6r \u00f6rg\u00fctlerin f\u0131rsatlar\u0131 kullanmay\u0131p sivillerin \u00e7\u0131kmalar\u0131na da izin vermediklerini vurgulad\u0131"},"content":{"rendered":"<p>Sivil vatanda\u015flar\u0131n ve \u00e7\u0131kmak isteyen herkesin g\u00fcvenli \u00e7\u0131k\u0131\u015f\u0131 i\u00e7in insani koridorlar temin edildi\u011fine de dikkat \u00e7eken Muallim, fakat ter\u00f6r \u00f6rg\u00fctlerin f\u0131rsatlar\u0131 kullanmay\u0131p sivillerin \u00e7\u0131kmalar\u0131na da izin vermediklerini vurgulad\u0131<\/p>\n","protected":false},"excerpt":{"rendered":"<p>Sivil vatanda\u015flar\u0131n ve \u00e7\u0131kmak isteyen herkesin g\u00fcvenli \u00e7\u0131k\u0131\u015f\u0131 i\u00e7in insani koridorlar temin edildi\u011fine de dikkat \u00e7eken Muallim, fakat ter\u00f6r \u00f6rg\u00fctlerin f\u0131rsatlar\u0131 kullanmay\u0131p sivillerin \u00e7\u0131kmalar\u0131na da izin vermediklerini vurgulad\u0131<\/p>\n","protected":false},"author":1,"featured_media":0,"comment_status":"closed","ping_status":"closed","sticky":false,"template":"","format":"standard","meta":{"footnotes":""},"categories":[17991],"tags":[],"class_list":["post-95476","post","type-post","status-publish","format-standard","","category-son-dakika"],"_links":{"self":[{"href":"https:\/\/archive.sana.sy\/tr\/index.php?rest_route=\/wp\/v2\/posts\/95476","targetHints":{"allow":["GET"]}}],"collection":[{"href":"https:\/\/archive.sana.sy\/tr\/index.php?rest_route=\/wp\/v2\/posts"}],"about":[{"href":"https:\/\/archive.sana.sy\/tr\/index.php?rest_route=\/wp\/v2\/types\/post"}],"author":[{"embeddable":true,"href":"https:\/\/archive.sana.sy\/tr\/index.php?rest_route=\/wp\/v2\/users\/1"}],"replies":[{"embeddable":true,"href":"https:\/\/archive.sana.sy\/tr\/index.php?rest_route=%2Fwp%2Fv2%2Fcomments&post=95476"}],"version-history":[{"count":0,"href":"https:\/\/archive.sana.sy\/tr\/index.php?rest_route=\/wp\/v2\/posts\/95476\/revisions"}],"wp:attachment":[{"href":"https:\/\/archive.sana.sy\/tr\/index.php?rest_route=%2Fwp%2Fv2%2Fmedia&parent=95476"}],"wp:term":[{"taxonomy":"category","embeddable":true,"href":"https:\/\/archive.sana.sy\/tr\/index.php?rest_route=%2Fwp%2Fv2%2Fcategories&post=95476"},{"taxonomy":"post_tag","embeddable":true,"href":"https:\/\/archive.sana.sy\/tr\/index.php?rest_route=%2Fwp%2Fv2%2Ftags&post=95476"}],"curies":[{"name":"wp","href":"https:\/\/api.w.org\/{rel}","templated":true}]}}