{"id":95485,"date":"2016-11-20T13:25:55","date_gmt":"2016-11-20T11:25:55","guid":{"rendered":"http:\/\/www.sana.sy\/tr\/?p=95485"},"modified":"2016-11-20T13:39:56","modified_gmt":"2016-11-20T11:39:56","slug":"suriyeliler-arasinda-diyalogun-yeniden-baslatilmasi-konusunda-de-misturada-herhangi-bir-istek-gormedigini-ifade-eden-muallim-bunun-icin-abd-idaresi-ya-da-bm-idaresinin-degismesini-beklemenin","status":"publish","type":"post","link":"https:\/\/archive.sana.sy\/tr\/?p=95485","title":{"rendered":"Suriyeliler aras\u0131nda diyalogun yeniden ba\u015flat\u0131lmas\u0131 konusunda de Mistura\u2019da herhangi bir istek g\u00f6rmedi\u011fini ifade eden Muallim, bunun i\u00e7in ABD idaresi ya da BM idaresinin de\u011fi\u015fmesini beklemenin gerekebilece\u011fini kaydetti"},"content":{"rendered":"<p>Suriyeliler aras\u0131nda diyalogun yeniden ba\u015flat\u0131lmas\u0131 konusunda de Mistura\u2019da herhangi bir istek g\u00f6rmedi\u011fini ifade eden Muallim, bunun i\u00e7in ABD idaresi ya da BM idaresinin de\u011fi\u015fmesini beklemenin gerekebilece\u011fini kaydetti<\/p>\n","protected":false},"excerpt":{"rendered":"<p>Suriyeliler aras\u0131nda diyalogun yeniden ba\u015flat\u0131lmas\u0131 konusunda de Mistura\u2019da herhangi bir istek g\u00f6rmedi\u011fini ifade eden Muallim, bunun i\u00e7in ABD idaresi ya da BM idaresinin de\u011fi\u015fmesini beklemenin gerekebilece\u011fini kaydetti<\/p>\n","protected":false},"author":1,"featured_media":0,"comment_status":"closed","ping_status":"closed","sticky":false,"template":"","format":"standard","meta":{"footnotes":""},"categories":[17991],"tags":[],"class_list":["post-95485","post","type-post","status-publish","format-standard","","category-son-dakika"],"_links":{"self":[{"href":"https:\/\/archive.sana.sy\/tr\/index.php?rest_route=\/wp\/v2\/posts\/95485","targetHints":{"allow":["GET"]}}],"collection":[{"href":"https:\/\/archive.sana.sy\/tr\/index.php?rest_route=\/wp\/v2\/posts"}],"about":[{"href":"https:\/\/archive.sana.sy\/tr\/index.php?rest_route=\/wp\/v2\/types\/post"}],"author":[{"embeddable":true,"href":"https:\/\/archive.sana.sy\/tr\/index.php?rest_route=\/wp\/v2\/users\/1"}],"replies":[{"embeddable":true,"href":"https:\/\/archive.sana.sy\/tr\/index.php?rest_route=%2Fwp%2Fv2%2Fcomments&post=95485"}],"version-history":[{"count":0,"href":"https:\/\/archive.sana.sy\/tr\/index.php?rest_route=\/wp\/v2\/posts\/95485\/revisions"}],"wp:attachment":[{"href":"https:\/\/archive.sana.sy\/tr\/index.php?rest_route=%2Fwp%2Fv2%2Fmedia&parent=95485"}],"wp:term":[{"taxonomy":"category","embeddable":true,"href":"https:\/\/archive.sana.sy\/tr\/index.php?rest_route=%2Fwp%2Fv2%2Fcategories&post=95485"},{"taxonomy":"post_tag","embeddable":true,"href":"https:\/\/archive.sana.sy\/tr\/index.php?rest_route=%2Fwp%2Fv2%2Ftags&post=95485"}],"curies":[{"name":"wp","href":"https:\/\/api.w.org\/{rel}","templated":true}]}}