{"id":95489,"date":"2016-11-20T13:31:51","date_gmt":"2016-11-20T11:31:51","guid":{"rendered":"http:\/\/www.sana.sy\/tr\/?p=95489"},"modified":"2016-11-20T13:42:57","modified_gmt":"2016-11-20T11:42:57","slug":"muallim-suriyenin-misakina-ve-uye-ulkelerin-egemenligine-saygi-duyacak-bm-rolune-inandigini-ifade-etti","status":"publish","type":"post","link":"https:\/\/archive.sana.sy\/tr\/?p=95489","title":{"rendered":"Muallim, Suriye&#8217;nin misak\u0131na ve \u00fcye \u00fclkelerin egemenli\u011fine sayg\u0131 duyacak BM rol\u00fcne inand\u0131\u011f\u0131n\u0131 ifade etti."},"content":{"rendered":"<p>Muallim, Suriye&#8217;nin misak\u0131na ve \u00fcye \u00fclkelerin egemenli\u011fine sayg\u0131 duyacak BM rol\u00fcne inand\u0131\u011f\u0131n\u0131 ifade etti.<\/p>\n","protected":false},"excerpt":{"rendered":"<p>Muallim, Suriye&#8217;nin misak\u0131na ve \u00fcye \u00fclkelerin egemenli\u011fine sayg\u0131 duyacak BM rol\u00fcne inand\u0131\u011f\u0131n\u0131 ifade etti.<\/p>\n","protected":false},"author":1,"featured_media":0,"comment_status":"closed","ping_status":"closed","sticky":false,"template":"","format":"standard","meta":{"footnotes":""},"categories":[17991],"tags":[],"class_list":["post-95489","post","type-post","status-publish","format-standard","","category-son-dakika"],"_links":{"self":[{"href":"https:\/\/archive.sana.sy\/tr\/index.php?rest_route=\/wp\/v2\/posts\/95489","targetHints":{"allow":["GET"]}}],"collection":[{"href":"https:\/\/archive.sana.sy\/tr\/index.php?rest_route=\/wp\/v2\/posts"}],"about":[{"href":"https:\/\/archive.sana.sy\/tr\/index.php?rest_route=\/wp\/v2\/types\/post"}],"author":[{"embeddable":true,"href":"https:\/\/archive.sana.sy\/tr\/index.php?rest_route=\/wp\/v2\/users\/1"}],"replies":[{"embeddable":true,"href":"https:\/\/archive.sana.sy\/tr\/index.php?rest_route=%2Fwp%2Fv2%2Fcomments&post=95489"}],"version-history":[{"count":0,"href":"https:\/\/archive.sana.sy\/tr\/index.php?rest_route=\/wp\/v2\/posts\/95489\/revisions"}],"wp:attachment":[{"href":"https:\/\/archive.sana.sy\/tr\/index.php?rest_route=%2Fwp%2Fv2%2Fmedia&parent=95489"}],"wp:term":[{"taxonomy":"category","embeddable":true,"href":"https:\/\/archive.sana.sy\/tr\/index.php?rest_route=%2Fwp%2Fv2%2Fcategories&post=95489"},{"taxonomy":"post_tag","embeddable":true,"href":"https:\/\/archive.sana.sy\/tr\/index.php?rest_route=%2Fwp%2Fv2%2Ftags&post=95489"}],"curies":[{"name":"wp","href":"https:\/\/api.w.org\/{rel}","templated":true}]}}