{"id":95495,"date":"2016-11-20T13:40:08","date_gmt":"2016-11-20T11:40:08","guid":{"rendered":"http:\/\/www.sana.sy\/tr\/?p=95495"},"modified":"2016-11-20T13:50:00","modified_gmt":"2016-11-20T11:50:00","slug":"isidli-radikal-teroristlerin-musuldan-suriyeye-sizmalari-konusunda-ise-muallim-bunun-onlenmesinde-suriye-ve-irak-ordularinin-ortak-cikarlari-oldugunu-soyledi","status":"publish","type":"post","link":"https:\/\/archive.sana.sy\/tr\/?p=95495","title":{"rendered":"I\u015e\u0130D\u2019li radikal ter\u00f6ristlerin Musul\u2019dan Suriye&#8217;ye s\u0131zmalar\u0131 konusunda ise Muallim; bunun \u00f6nlenmesinde Suriye ve Irak ordular\u0131n\u0131n ortak \u00e7\u0131karlar\u0131 oldu\u011funu s\u00f6yledi."},"content":{"rendered":"<p>I\u015e\u0130D\u2019li radikal ter\u00f6ristlerin Musul\u2019dan Suriye&#8217;ye s\u0131zmalar\u0131 konusunda ise Muallim; bunun \u00f6nlenmesinde Suriye ve Irak ordular\u0131n\u0131n ortak \u00e7\u0131karlar\u0131 oldu\u011funu s\u00f6yledi.<\/p>\n","protected":false},"excerpt":{"rendered":"<p>I\u015e\u0130D\u2019li radikal ter\u00f6ristlerin Musul\u2019dan Suriye&#8217;ye s\u0131zmalar\u0131 konusunda ise Muallim; bunun \u00f6nlenmesinde Suriye ve Irak ordular\u0131n\u0131n ortak \u00e7\u0131karlar\u0131 oldu\u011funu s\u00f6yledi.<\/p>\n","protected":false},"author":1,"featured_media":0,"comment_status":"closed","ping_status":"closed","sticky":false,"template":"","format":"standard","meta":{"footnotes":""},"categories":[17991],"tags":[],"class_list":["post-95495","post","type-post","status-publish","format-standard","","category-son-dakika"],"_links":{"self":[{"href":"https:\/\/archive.sana.sy\/tr\/index.php?rest_route=\/wp\/v2\/posts\/95495","targetHints":{"allow":["GET"]}}],"collection":[{"href":"https:\/\/archive.sana.sy\/tr\/index.php?rest_route=\/wp\/v2\/posts"}],"about":[{"href":"https:\/\/archive.sana.sy\/tr\/index.php?rest_route=\/wp\/v2\/types\/post"}],"author":[{"embeddable":true,"href":"https:\/\/archive.sana.sy\/tr\/index.php?rest_route=\/wp\/v2\/users\/1"}],"replies":[{"embeddable":true,"href":"https:\/\/archive.sana.sy\/tr\/index.php?rest_route=%2Fwp%2Fv2%2Fcomments&post=95495"}],"version-history":[{"count":0,"href":"https:\/\/archive.sana.sy\/tr\/index.php?rest_route=\/wp\/v2\/posts\/95495\/revisions"}],"wp:attachment":[{"href":"https:\/\/archive.sana.sy\/tr\/index.php?rest_route=%2Fwp%2Fv2%2Fmedia&parent=95495"}],"wp:term":[{"taxonomy":"category","embeddable":true,"href":"https:\/\/archive.sana.sy\/tr\/index.php?rest_route=%2Fwp%2Fv2%2Fcategories&post=95495"},{"taxonomy":"post_tag","embeddable":true,"href":"https:\/\/archive.sana.sy\/tr\/index.php?rest_route=%2Fwp%2Fv2%2Ftags&post=95495"}],"curies":[{"name":"wp","href":"https:\/\/api.w.org\/{rel}","templated":true}]}}