{"id":95499,"date":"2016-11-20T13:46:35","date_gmt":"2016-11-20T11:46:35","guid":{"rendered":"http:\/\/www.sana.sy\/tr\/?p=95499"},"modified":"2016-11-20T13:55:02","modified_gmt":"2016-11-20T11:55:02","slug":"abdde-yeni-idarenin-suriyedeki-kriz-konusundaki-tutumunun-nasil-olacagi-hakkinda-konusmak-icin-zamanin-henuz-erken-oldugunu-belirten-muallim-abdnin-daha-once-bu-konuda-yanl","status":"publish","type":"post","link":"https:\/\/archive.sana.sy\/tr\/?p=95499","title":{"rendered":"ABD\u2019de yeni idarenin Suriye\u2019deki kriz konusundaki tutumunun nas\u0131l olaca\u011f\u0131 hakk\u0131nda konu\u015fmak i\u00e7in zaman\u0131n hen\u00fcz erken oldu\u011funu belirten Muallim; ABD\u2019nin daha \u00f6nce bu konuda yanl\u0131\u015f bir politika izledi\u011fine dikkat \u00e7ekti"},"content":{"rendered":"<p>ABD\u2019de yeni idarenin Suriye\u2019deki kriz konusundaki tutumunun nas\u0131l olaca\u011f\u0131 hakk\u0131nda konu\u015fmak i\u00e7in zaman\u0131n hen\u00fcz erken oldu\u011funu belirten Muallim; ABD\u2019nin daha \u00f6nce bu konuda yanl\u0131\u015f bir politika izledi\u011fine dikkat \u00e7ekti<\/p>\n","protected":false},"excerpt":{"rendered":"<p>ABD\u2019de yeni idarenin Suriye\u2019deki kriz konusundaki tutumunun nas\u0131l olaca\u011f\u0131 hakk\u0131nda konu\u015fmak i\u00e7in zaman\u0131n hen\u00fcz erken oldu\u011funu belirten Muallim; ABD\u2019nin daha \u00f6nce bu konuda yanl\u0131\u015f bir politika izledi\u011fine dikkat \u00e7ekti<\/p>\n","protected":false},"author":1,"featured_media":0,"comment_status":"closed","ping_status":"closed","sticky":false,"template":"","format":"standard","meta":{"footnotes":""},"categories":[17991],"tags":[],"class_list":["post-95499","post","type-post","status-publish","format-standard","","category-son-dakika"],"_links":{"self":[{"href":"https:\/\/archive.sana.sy\/tr\/index.php?rest_route=\/wp\/v2\/posts\/95499","targetHints":{"allow":["GET"]}}],"collection":[{"href":"https:\/\/archive.sana.sy\/tr\/index.php?rest_route=\/wp\/v2\/posts"}],"about":[{"href":"https:\/\/archive.sana.sy\/tr\/index.php?rest_route=\/wp\/v2\/types\/post"}],"author":[{"embeddable":true,"href":"https:\/\/archive.sana.sy\/tr\/index.php?rest_route=\/wp\/v2\/users\/1"}],"replies":[{"embeddable":true,"href":"https:\/\/archive.sana.sy\/tr\/index.php?rest_route=%2Fwp%2Fv2%2Fcomments&post=95499"}],"version-history":[{"count":0,"href":"https:\/\/archive.sana.sy\/tr\/index.php?rest_route=\/wp\/v2\/posts\/95499\/revisions"}],"wp:attachment":[{"href":"https:\/\/archive.sana.sy\/tr\/index.php?rest_route=%2Fwp%2Fv2%2Fmedia&parent=95499"}],"wp:term":[{"taxonomy":"category","embeddable":true,"href":"https:\/\/archive.sana.sy\/tr\/index.php?rest_route=%2Fwp%2Fv2%2Fcategories&post=95499"},{"taxonomy":"post_tag","embeddable":true,"href":"https:\/\/archive.sana.sy\/tr\/index.php?rest_route=%2Fwp%2Fv2%2Ftags&post=95499"}],"curies":[{"name":"wp","href":"https:\/\/api.w.org\/{rel}","templated":true}]}}