{"id":9550,"date":"2014-09-09T22:11:31","date_gmt":"2014-09-09T19:11:31","guid":{"rendered":"http:\/\/www.sana.sy\/tr\/?p=9550"},"modified":"2014-09-10T13:29:46","modified_gmt":"2014-09-10T10:29:46","slug":"bakanlar-kurulu-kalkinmayi-baslatmayi-amaclayan-beyani-tartisti","status":"publish","type":"post","link":"https:\/\/archive.sana.sy\/tr\/?p=9550","title":{"rendered":"Bakanlar Kurulu Kalk\u0131nmay\u0131 Ba\u015flatmay\u0131 Ama\u00e7layan Beyan\u0131 Tart\u0131\u015ft\u0131"},"content":{"rendered":"<p>\u015eAM \u2013 Ba\u015fbakan Vail Halaki ba\u015fkanl\u0131\u011f\u0131nda toplanan bakanlar kurulu yerel y\u00f6netim ve belediyelere olan vergi aff\u0131 i\u00e7eren tasar\u0131y\u0131 karara ba\u011flad\u0131.<\/p>\n<p><a href=\"http:\/\/www.sana.sy\/tr\/wp-content\/uploads\/2014\/09\/kabine-2.jpg\"><img loading=\"lazy\" decoding=\"async\" class=\"alignright wp-image-9552 size-medium\" src=\"http:\/\/www.sana.sy\/tr\/wp-content\/uploads\/2014\/09\/kabine-2-300x164.jpg\" alt=\"kabine 2\" width=\"300\" height=\"164\" srcset=\"https:\/\/archive.sana.sy\/tr\/wp-content\/uploads\/2014\/09\/kabine-2-300x164.jpg 300w, https:\/\/archive.sana.sy\/tr\/wp-content\/uploads\/2014\/09\/kabine-2-150x82.jpg 150w, https:\/\/archive.sana.sy\/tr\/wp-content\/uploads\/2014\/09\/kabine-2-1024x562.jpg 1024w\" sizes=\"auto, (max-width: 300px) 100vw, 300px\" \/><\/a>Ayr\u0131ca \u201cerken iyile\u015fme, yeniden in\u015fa s\u00fcrecini peki\u015ftirerek vatan\u0131 koruma ve yeniden in\u015fa \u015fiar\u0131 alt\u0131nda kalk\u0131nmay\u0131 ba\u015flatmay\u0131\u201d ama\u00e7layan bakanl\u0131klar beyan\u0131n\u0131n ana maddelerini tart\u0131\u015fan bakanlar kurulu; vatan\u0131n ve vatanda\u015flar\u0131n g\u00fcvenli\u011finin yeniden sa\u011flanmas\u0131, ter\u00f6rle m\u00fccadele, ulusal uzla\u015fman\u0131n desteklenmesi, bar\u0131nma gibi insani ihtiya\u00e7lar\u0131n kar\u015f\u0131lanmas\u0131 gibi maddelere \u00f6ncelik verilmesinde anla\u015fmaya ula\u015ft\u0131.<\/p>\n<p>Toplant\u0131da h\u00fck\u00fcmetin vatanda\u015flar\u0131n temel ihtiya\u00e7lar\u0131n\u0131n kar\u015f\u0131lanmas\u0131 \u00e7al\u0131\u015fmalar\u0131na \u00f6ncelik vermeyi s\u00fcrd\u00fcrd\u00fc\u011f\u00fcn\u00fc dile getirerek Suriye Liras\u0131 de\u011ferini korumak amac\u0131yla h\u00fck\u00fcmetin ald\u0131\u011f\u0131 icraatlara ili\u015fkin ayr\u0131nt\u0131l\u0131 bir anlat\u0131m sundu.<\/p>\n<p>Ba\u015fbakan Yard\u0131mc\u0131s\u0131 ve D\u0131\u015fi\u015fleri \u2013 Gurbet\u00e7iler Bakan\u0131 Velit el Muallim\u2019in de toplant\u0131da uluslararas\u0131 alanda meydana gelen geli\u015fmelere ili\u015fkin bir anlat\u0131m sundu\u011fu toplant\u0131da Yerel Y\u00f6netimler Bakan\u0131 \u00d6mer Galevenci de hizmet sekt\u00f6r\u00fcn\u00fcn durumuna ili\u015fkin bir anlat\u0131m sundu.<\/p>\n","protected":false},"excerpt":{"rendered":"<p>\u015eAM \u2013 Ba\u015fbakan Vail Halaki ba\u015fkanl\u0131\u011f\u0131nda toplanan bakanlar kurulu yerel y\u00f6netim ve belediyelere olan vergi aff\u0131 i\u00e7eren tasar\u0131y\u0131 karara ba\u011flad\u0131. Ayr\u0131ca \u201cerken iyile\u015fme, yeniden in\u015fa s\u00fcrecini peki\u015ftirerek vatan\u0131 koruma ve yeniden in\u015fa \u015fiar\u0131 alt\u0131nda kalk\u0131nmay\u0131 ba\u015flatmay\u0131\u201d ama\u00e7layan bakanl\u0131klar beyan\u0131n\u0131n ana maddelerini tart\u0131\u015fan bakanlar kurulu; vatan\u0131n ve vatanda\u015flar\u0131n g\u00fcvenli\u011finin yeniden sa\u011flanmas\u0131, ter\u00f6rle m\u00fccadele, ulusal uzla\u015fman\u0131n desteklenmesi, &hellip;<\/p>\n","protected":false},"author":1,"featured_media":9551,"comment_status":"closed","ping_status":"closed","sticky":false,"template":"","format":"standard","meta":{"footnotes":""},"categories":[479,478],"tags":[2148],"class_list":["post-9550","post","type-post","status-publish","format-standard","has-post-thumbnail","","category-haberler-yerel","category-yerel","tag-bakanlar-kurulu-kalkinmayi-baslatmayi-amaclayan-beyani-tartisti"],"_links":{"self":[{"href":"https:\/\/archive.sana.sy\/tr\/index.php?rest_route=\/wp\/v2\/posts\/9550","targetHints":{"allow":["GET"]}}],"collection":[{"href":"https:\/\/archive.sana.sy\/tr\/index.php?rest_route=\/wp\/v2\/posts"}],"about":[{"href":"https:\/\/archive.sana.sy\/tr\/index.php?rest_route=\/wp\/v2\/types\/post"}],"author":[{"embeddable":true,"href":"https:\/\/archive.sana.sy\/tr\/index.php?rest_route=\/wp\/v2\/users\/1"}],"replies":[{"embeddable":true,"href":"https:\/\/archive.sana.sy\/tr\/index.php?rest_route=%2Fwp%2Fv2%2Fcomments&post=9550"}],"version-history":[{"count":0,"href":"https:\/\/archive.sana.sy\/tr\/index.php?rest_route=\/wp\/v2\/posts\/9550\/revisions"}],"wp:featuredmedia":[{"embeddable":true,"href":"https:\/\/archive.sana.sy\/tr\/index.php?rest_route=\/wp\/v2\/media\/9551"}],"wp:attachment":[{"href":"https:\/\/archive.sana.sy\/tr\/index.php?rest_route=%2Fwp%2Fv2%2Fmedia&parent=9550"}],"wp:term":[{"taxonomy":"category","embeddable":true,"href":"https:\/\/archive.sana.sy\/tr\/index.php?rest_route=%2Fwp%2Fv2%2Fcategories&post=9550"},{"taxonomy":"post_tag","embeddable":true,"href":"https:\/\/archive.sana.sy\/tr\/index.php?rest_route=%2Fwp%2Fv2%2Ftags&post=9550"}],"curies":[{"name":"wp","href":"https:\/\/api.w.org\/{rel}","templated":true}]}}