{"id":95500,"date":"2016-11-20T13:53:27","date_gmt":"2016-11-20T11:53:27","guid":{"rendered":"http:\/\/www.sana.sy\/tr\/?p=95500"},"modified":"2016-11-21T14:40:06","modified_gmt":"2016-11-21T12:40:06","slug":"boyle-bir-oneri-kesinlikle-kabul-edilemez","status":"publish","type":"post","link":"https:\/\/archive.sana.sy\/tr\/?p=95500","title":{"rendered":"B\u00f6yle Bir \u00d6neri Kesinlikle Kabul Edilemez (video)"},"content":{"rendered":"<p>\u015eAM \u2013 Ba\u015fbakan Yard\u0131mc\u0131s\u0131 D\u0131\u015fi\u015fleri ve Gurbet\u00e7iler Bakan\u0131 Velid Muallim; Halep\u2019te Nusra Cephesi ve daha ba\u015fka radikal \u00f6rg\u00fctlerin bulundu\u011fu do\u011fu semtlerinde \u2018\u00f6zerk y\u00f6netim\u2019 \u00f6nerisinin Suriye taraf\u0131ndan herhangi bir \u015fekilde kabul edilmesinin kesinlikle m\u00fcmk\u00fcn olmad\u0131\u011f\u0131n\u0131 vurgulad\u0131.<\/p>\n<p>Muallim bug\u00fcn d\u00fczenledi\u011fi bas\u0131n toplant\u0131s\u0131nda b\u00f6yle bir \u015feyin, masum sivil insanlar\u0131 g\u00fcn\u00fc birlik olarak geli\u015fig\u00fczel f\u00fczelerle hedef alan ve katliamlarda bulunan radikal ter\u00f6ristleri \u00f6d\u00fcllendirme niteli\u011fi ta\u015f\u0131yaca\u011f\u0131na dikkat \u00e7ekti.<\/p>\n<p><span style=\"line-height: 1.5\">Muallim; \u201cBM genel sekreterinin Suriye \u00f6zel temsilcisi Staffan de Mistura ve ona e\u015flik eden heyet ile bir dizi konuyu g\u00f6r\u00fc\u015ft\u00fck. De Mistura\u2019dan, Suriyeliler aras\u0131nda diyalog g\u00f6r\u00fc\u015fmelerinin ba\u015flamas\u0131 i\u00e7in tarih belirlemesini bekliyorduk. Fakat kendisinden b\u00f6yle bir \u015fey duymad\u0131k..\u201d ifadesini kulland\u0131.<\/span><\/p>\n<p><a href=\"http:\/\/www.sana.sy\/tr\/wp-content\/uploads\/2016\/11\/Muallim-2.jpg\"><img loading=\"lazy\" decoding=\"async\" class=\"alignright wp-image-95546 size-medium\" src=\"http:\/\/www.sana.sy\/tr\/wp-content\/uploads\/2016\/11\/Muallim-2-200x300.jpg\" alt=\"muallim-2\" width=\"200\" height=\"300\" srcset=\"https:\/\/archive.sana.sy\/tr\/wp-content\/uploads\/2016\/11\/Muallim-2-200x300.jpg 200w, https:\/\/archive.sana.sy\/tr\/wp-content\/uploads\/2016\/11\/Muallim-2-100x150.jpg 100w, https:\/\/archive.sana.sy\/tr\/wp-content\/uploads\/2016\/11\/Muallim-2-768x1154.jpg 768w, https:\/\/archive.sana.sy\/tr\/wp-content\/uploads\/2016\/11\/Muallim-2-681x1024.jpg 681w\" sizes=\"auto, (max-width: 200px) 100vw, 200px\" \/><\/a>Suriyeliler aras\u0131nda diyalogun yeniden ba\u015flat\u0131lmas\u0131 konusunda de Mistura\u2019da herhangi bir istek g\u00f6rmedi\u011fini ifade eden Muallim, bunun i\u00e7in ABD idaresi ya da BM idaresinin de\u011fi\u015fmesini beklemenin gerekebilece\u011fini kaydetti. Muallim Suriye&#8217;nin, gerek Suriye&#8217;nin i\u00e7inde gerekse Cenevre&#8217;de bizzat Suriyeliler aras\u0131nda yap\u0131lacak herhangi bir diyalogu memnuniyetle kar\u015f\u0131layaca\u011f\u0131n\u0131n alt\u0131n\u0131 \u00e7izdi.<\/p>\n<p>BM \u00e7al\u0131\u015fmalar\u0131 konusunda ise Muallim, Suriye&#8217;nin misak\u0131na ve \u00fcye \u00fclkelerin egemenli\u011fine sayg\u0131 duyacak BM rol\u00fcne inand\u0131\u011f\u0131n\u0131 ifade etti.<\/p>\n<p>Muallim, Halep\u2019in do\u011fusunda ter\u00f6ristler taraf\u0131ndan canl\u0131 kalkan olarak kullan\u0131lan sivil vatanda\u015flar\u0131n g\u00fcvenli bir \u015fekilde \u00e7\u0131kmalar\u0131 ve t\u00fcm ihtiya\u00e7lar\u0131n\u0131n kar\u015f\u0131lanaca\u011f\u0131 ge\u00e7ici ikamet merkezlerine tahliye edilmeleri amac\u0131yla Suriye&#8217;nin \u00fc\u00e7 kez \u00e7at\u0131\u015fmalar\u0131 durdurup f\u0131rsat verdi\u011fini ifade etti. Sivil vatanda\u015flar\u0131n ve \u00e7\u0131kmak isteyen herkesin g\u00fcvenli \u00e7\u0131k\u0131\u015f\u0131 i\u00e7in insani koridorlar temin edildi\u011fine de dikkat \u00e7eken Muallim, fakat ter\u00f6r \u00f6rg\u00fctlerin f\u0131rsatlar\u0131 kullanmay\u0131p sivillerin \u00e7\u0131kmalar\u0131na da izin vermediklerini vurgulad\u0131.<\/p>\n<p>Muallim, Halep\u2019te ter\u00f6ristlerin rehine olarak kulland\u0131\u011f\u0131 sivil vatanda\u015flar\u0131 kurtarman\u0131n Suriye devletinin g\u00f6revi oldu\u011funu belirtti.<\/p>\n<p>De Mistura\u2019n\u0131n Halep\u2019in do\u011fusunda \u2018\u00f6zerk y\u00f6netim\u2019 \u00f6nerisinde bulundu\u011funa dikkat \u00e7eken Muallim; bu gibi bir \u00f6nerinin kesinlikle c\u00fcmleten ve ayr\u0131nt\u0131lar\u0131yla hi\u00e7bir \u015fekilde kabul edilemez oldu\u011funun alt\u0131n\u0131 \u00e7izdi.<\/p>\n<p>Muallim g\u00f6r\u00fc\u015fmede Halep\u2019in do\u011fusunda bulunan silahl\u0131lar konusunda de Mistura\u2019ya ba\u015fka bir \u00f6neri takdim etti\u011fini a\u00e7\u0131klad\u0131. Bu \u00f6neride Halep\u2019in do\u011fusunda kalmak isteyen silahl\u0131lar\u0131n kanuni durumlar\u0131 yeniden d\u00fczenlenip normal ya\u015fam\u0131na d\u00f6nebilece\u011fini belirten Muallim, silah\u0131n\u0131 teslim etmeyip \u00e7\u0131kmak isteyen silahl\u0131lar i\u00e7in de g\u00fcvenli koridorlar\u0131n temin edilece\u011fine dikkat \u00e7ekti.<\/p>\n<p>Suriye&#8217;nin hi\u00e7bir kar\u0131\u015f topra\u011f\u0131nda herhangi bir T\u00fcrk askerinin olmas\u0131n\u0131 kesinlikle kabul edemez oldu\u011funun alt\u0131n\u0131 \u00e7izen Muallim, Suriye&#8217;nin herhangi bir b\u00f6lgesine giren herhangi bir T\u00fcrk askerinin Suriye&#8217;nin tamam\u0131na sald\u0131rm\u0131\u015f oldu\u011funu vurgulad\u0131.<\/p>\n<p>T\u00fcrkiye&#8217;nin Suriye topraklar\u0131na sald\u0131r\u0131lar\u0131 ve i\u015fgalini s\u00f6zde ter\u00f6re kar\u015f\u0131 sava\u015f bahanesi alt\u0131nda aklamaya \u00e7al\u0131\u015ft\u0131\u011f\u0131na dikkat \u00e7eken Muallim; T\u00fcrkiye rejiminin muhtelif isimler alt\u0131ndaki ter\u00f6r \u00f6rg\u00fctlere muhtelif t\u00fcr deste\u011finin art\u0131k herkes taraf\u0131ndan bilindi\u011finin alt\u0131n\u0131 \u00e7izdi.<\/p>\n<p>Muallim Suriye ve Rusya aras\u0131nda g\u00fcn\u00fcbirlik olarak askeri ve siyasi koordinasyonun bulundu\u011funu, Rusya&#8217;n\u0131n da Suriye&#8217;nin herhangi bir b\u00f6lgesine yap\u0131lacak sald\u0131r\u0131 ya da Suriye&#8217;nin egemenli\u011fine herhangi bir ihlali k\u0131nad\u0131\u011f\u0131n\u0131 kaydetti.<\/p>\n<p>I<a href=\"http:\/\/www.sana.sy\/tr\/wp-content\/uploads\/2016\/11\/Muallim-1-1.jpg\"><img loading=\"lazy\" decoding=\"async\" class=\"alignright wp-image-95550 \" src=\"http:\/\/www.sana.sy\/tr\/wp-content\/uploads\/2016\/11\/Muallim-1-1-300x200.jpg\" alt=\"muallim-1\" width=\"261\" height=\"174\" srcset=\"https:\/\/archive.sana.sy\/tr\/wp-content\/uploads\/2016\/11\/Muallim-1-1-300x200.jpg 300w, https:\/\/archive.sana.sy\/tr\/wp-content\/uploads\/2016\/11\/Muallim-1-1-150x100.jpg 150w, https:\/\/archive.sana.sy\/tr\/wp-content\/uploads\/2016\/11\/Muallim-1-1-768x511.jpg 768w, https:\/\/archive.sana.sy\/tr\/wp-content\/uploads\/2016\/11\/Muallim-1-1-1024x681.jpg 1024w, https:\/\/archive.sana.sy\/tr\/wp-content\/uploads\/2016\/11\/Muallim-1-1-310x205.jpg 310w\" sizes=\"auto, (max-width: 261px) 100vw, 261px\" \/><\/a>\u015e\u0130D\u2019li radikal ter\u00f6ristlerin Musul\u2019dan Suriye&#8217;ye s\u0131zmalar\u0131 konusunda ise Muallim; bunun \u00f6nlenmesinde Suriye ve Irak ordular\u0131n\u0131n ortak \u00e7\u0131karlar\u0131 oldu\u011funu s\u00f6yledi.<\/p>\n<p>Muallim ABD\u2019nin I\u015e\u0130D\u2019i yok etmek de\u011fil de onu s\u0131n\u0131rlamak istedi\u011fine dikkat \u00e7ekerken, ABD komutas\u0131ndaki koalisyonun iki y\u0131l s\u00fcren hava operasyonlar\u0131yla bu radikal \u00f6rg\u00fct\u00fcn yok edilmedi\u011fine i\u015faret etti.<\/p>\n<p>ABD\u2019de yeni idarenin Suriye\u2019deki kriz konusundaki tutumunun nas\u0131l olaca\u011f\u0131 hakk\u0131nda konu\u015fmak i\u00e7in zaman\u0131n hen\u00fcz erken oldu\u011funu belirten Muallim; ABD\u2019nin daha \u00f6nce bu konuda yanl\u0131\u015f bir politika izledi\u011fine dikkat \u00e7ekti. Muallim bu yanl\u0131\u015f tutumu d\u00fczeltme anahtar\u0131n\u0131n Rusya ve ABD aras\u0131ndaki diyalogdan ge\u00e7ti\u011fini, ter\u00f6r\u00fc yok etme y\u00f6ntemi \u00fczerinde uzla\u015fma sa\u011flamakla oldu\u011funu kaydetti.<\/p>\n<p>Suriye&#8217;nin ABD\u2019de yeni idareden beklentisine ili\u015fkin soruya cevab\u0131nda Muallim; Suriye&#8217;nin bu idareden sadece ter\u00f6re deste\u011fini kesmesi de\u011fil, ter\u00f6r\u00fc destekleyen devletlere de s\u0131n\u0131r koymas\u0131n\u0131 istedi\u011fini kaydetti.<\/p>\n<p>Suriye ve M\u0131s\u0131r aras\u0131ndaki ili\u015fkiler konusunda ise Muallim, M\u0131s\u0131r\u2019\u0131n Suriye konusundaki a\u00e7\u0131klamalar\u0131nda ilerleme kaydedildi\u011fini, fakat olmas\u0131 gereken ya da olmas\u0131n\u0131 bekledi\u011fimiz istasyona hen\u00fcz ula\u015fmad\u0131\u011f\u0131n\u0131 ifade etti. Muallim Suriye&#8217;nin, Sina B\u00f6lgesinde ter\u00f6rle m\u00fccadele eden M\u0131s\u0131r ordusunun duygular\u0131n\u0131 payla\u015ft\u0131\u011f\u0131n\u0131 s\u00f6yledi.<\/p>\n<p>Muallim Suriye ve halk\u0131n\u0131n dostlar\u0131n deste\u011fi ve i\u015fbirli\u011fi ile ter\u00f6re kar\u015f\u0131 sergiledikleri m\u00fccadele ve sa\u011flad\u0131klar\u0131 ba\u015far\u0131lar sonucunda Suriye&#8217;deki krize ili\u015fkin uluslar aras\u0131 sahada olumlu de\u011fi\u015fimlerin kaydedildi\u011fini belirtti.<\/p>\n<p>https:\/\/www.youtube.com\/watch?v=wdXGgbWKnxo<\/p>\n","protected":false},"excerpt":{"rendered":"<p>\u015eAM \u2013 Ba\u015fbakan Yard\u0131mc\u0131s\u0131 D\u0131\u015fi\u015fleri ve Gurbet\u00e7iler Bakan\u0131 Velid Muallim; Halep\u2019te Nusra Cephesi ve daha ba\u015fka radikal \u00f6rg\u00fctlerin bulundu\u011fu do\u011fu semtlerinde \u2018\u00f6zerk y\u00f6netim\u2019 \u00f6nerisinin Suriye taraf\u0131ndan herhangi bir \u015fekilde kabul edilmesinin kesinlikle m\u00fcmk\u00fcn olmad\u0131\u011f\u0131n\u0131 vurgulad\u0131. Muallim bug\u00fcn d\u00fczenledi\u011fi bas\u0131n toplant\u0131s\u0131nda b\u00f6yle bir \u015feyin, masum sivil insanlar\u0131 g\u00fcn\u00fc birlik olarak geli\u015fig\u00fczel f\u00fczelerle hedef alan ve katliamlarda &hellip;<\/p>\n","protected":false},"author":1,"featured_media":95547,"comment_status":"closed","ping_status":"closed","sticky":false,"template":"","format":"standard","meta":{"footnotes":""},"categories":[479,17988,2554,2555,478],"tags":[7612,25382,21377,25381,19199,24223,21585,18472,24201,19043,17051],"class_list":["post-95500","post","type-post","status-publish","format-standard","has-post-thumbnail","","category-haberler-yerel","category-son-haberler","category-suriye-ve-dunya","category-suriye-ve-turkiye","category-yerel","tag-basbakan-yardimcisi","tag-basbakan-yardimcisi-disisleri-ve-gurbetciler-bakani-velid-muallim-bugun-bm-genel-sekreterinin-suriye-ozel-temsilcisi-staffan-de-mistura-ve-ona-eslik-eden-heyeti-kabul-etti","tag-bm-genel-sekreterinin-suriye-ozel-temsilcisi","tag-boyle-bir-oneri-kesinlikle-kabul-edilemez","tag-disisleri-bakani","tag-halepin-dogusu","tag-halepte-son-durum","tag-staffan-de-mistura","tag-suriye-disisleri-bakani","tag-suriyede-son-durum","tag-velid-muallim"],"_links":{"self":[{"href":"https:\/\/archive.sana.sy\/tr\/index.php?rest_route=\/wp\/v2\/posts\/95500","targetHints":{"allow":["GET"]}}],"collection":[{"href":"https:\/\/archive.sana.sy\/tr\/index.php?rest_route=\/wp\/v2\/posts"}],"about":[{"href":"https:\/\/archive.sana.sy\/tr\/index.php?rest_route=\/wp\/v2\/types\/post"}],"author":[{"embeddable":true,"href":"https:\/\/archive.sana.sy\/tr\/index.php?rest_route=\/wp\/v2\/users\/1"}],"replies":[{"embeddable":true,"href":"https:\/\/archive.sana.sy\/tr\/index.php?rest_route=%2Fwp%2Fv2%2Fcomments&post=95500"}],"version-history":[{"count":0,"href":"https:\/\/archive.sana.sy\/tr\/index.php?rest_route=\/wp\/v2\/posts\/95500\/revisions"}],"wp:featuredmedia":[{"embeddable":true,"href":"https:\/\/archive.sana.sy\/tr\/index.php?rest_route=\/wp\/v2\/media\/95547"}],"wp:attachment":[{"href":"https:\/\/archive.sana.sy\/tr\/index.php?rest_route=%2Fwp%2Fv2%2Fmedia&parent=95500"}],"wp:term":[{"taxonomy":"category","embeddable":true,"href":"https:\/\/archive.sana.sy\/tr\/index.php?rest_route=%2Fwp%2Fv2%2Fcategories&post=95500"},{"taxonomy":"post_tag","embeddable":true,"href":"https:\/\/archive.sana.sy\/tr\/index.php?rest_route=%2Fwp%2Fv2%2Ftags&post=95500"}],"curies":[{"name":"wp","href":"https:\/\/api.w.org\/{rel}","templated":true}]}}