{"id":95507,"date":"2016-11-20T13:50:27","date_gmt":"2016-11-20T11:50:27","guid":{"rendered":"http:\/\/www.sana.sy\/tr\/?p=95507"},"modified":"2016-11-20T13:57:53","modified_gmt":"2016-11-20T11:57:53","slug":"turkiyenin-suriye-topraklarina-saldirilari-ve-isgalini-sozde-terore-karsi-savas-bahanesi-altinda-aklamaya-calistigina-dikkat-ceken-muallim-turkiye-rejiminin-muhtelif-isimler-altindaki-teror-orgutle","status":"publish","type":"post","link":"https:\/\/archive.sana.sy\/tr\/?p=95507","title":{"rendered":"T\u00fcrkiye&#8217;nin Suriye topraklar\u0131na sald\u0131r\u0131lar\u0131 ve i\u015fgalini s\u00f6zde ter\u00f6re kar\u015f\u0131 sava\u015f bahanesi alt\u0131nda aklamaya \u00e7al\u0131\u015ft\u0131\u011f\u0131na dikkat \u00e7eken Muallim; T\u00fcrkiye rejiminin muhtelif isimler alt\u0131ndaki ter\u00f6r \u00f6rg\u00fctlere muhtelif t\u00fcr deste\u011finin art\u0131k herkes taraf\u0131ndan bilindi\u011finin alt\u0131n\u0131 \u00e7izdi."},"content":{"rendered":"<p>T\u00fcrkiye&#8217;nin Suriye topraklar\u0131na sald\u0131r\u0131lar\u0131 ve i\u015fgalini s\u00f6zde ter\u00f6re kar\u015f\u0131 sava\u015f bahanesi alt\u0131nda aklamaya \u00e7al\u0131\u015ft\u0131\u011f\u0131na dikkat \u00e7eken Muallim; T\u00fcrkiye rejiminin muhtelif isimler alt\u0131ndaki ter\u00f6r \u00f6rg\u00fctlere muhtelif t\u00fcr deste\u011finin art\u0131k herkes taraf\u0131ndan bilindi\u011finin alt\u0131n\u0131 \u00e7izdi.<\/p>\n","protected":false},"excerpt":{"rendered":"<p>T\u00fcrkiye&#8217;nin Suriye topraklar\u0131na sald\u0131r\u0131lar\u0131 ve i\u015fgalini s\u00f6zde ter\u00f6re kar\u015f\u0131 sava\u015f bahanesi alt\u0131nda aklamaya \u00e7al\u0131\u015ft\u0131\u011f\u0131na dikkat \u00e7eken Muallim; T\u00fcrkiye rejiminin muhtelif isimler alt\u0131ndaki ter\u00f6r \u00f6rg\u00fctlere muhtelif t\u00fcr deste\u011finin art\u0131k herkes taraf\u0131ndan bilindi\u011finin alt\u0131n\u0131 \u00e7izdi.<\/p>\n","protected":false},"author":1,"featured_media":0,"comment_status":"closed","ping_status":"closed","sticky":false,"template":"","format":"standard","meta":{"footnotes":""},"categories":[17991],"tags":[],"class_list":["post-95507","post","type-post","status-publish","format-standard","","category-son-dakika"],"_links":{"self":[{"href":"https:\/\/archive.sana.sy\/tr\/index.php?rest_route=\/wp\/v2\/posts\/95507","targetHints":{"allow":["GET"]}}],"collection":[{"href":"https:\/\/archive.sana.sy\/tr\/index.php?rest_route=\/wp\/v2\/posts"}],"about":[{"href":"https:\/\/archive.sana.sy\/tr\/index.php?rest_route=\/wp\/v2\/types\/post"}],"author":[{"embeddable":true,"href":"https:\/\/archive.sana.sy\/tr\/index.php?rest_route=\/wp\/v2\/users\/1"}],"replies":[{"embeddable":true,"href":"https:\/\/archive.sana.sy\/tr\/index.php?rest_route=%2Fwp%2Fv2%2Fcomments&post=95507"}],"version-history":[{"count":0,"href":"https:\/\/archive.sana.sy\/tr\/index.php?rest_route=\/wp\/v2\/posts\/95507\/revisions"}],"wp:attachment":[{"href":"https:\/\/archive.sana.sy\/tr\/index.php?rest_route=%2Fwp%2Fv2%2Fmedia&parent=95507"}],"wp:term":[{"taxonomy":"category","embeddable":true,"href":"https:\/\/archive.sana.sy\/tr\/index.php?rest_route=%2Fwp%2Fv2%2Fcategories&post=95507"},{"taxonomy":"post_tag","embeddable":true,"href":"https:\/\/archive.sana.sy\/tr\/index.php?rest_route=%2Fwp%2Fv2%2Ftags&post=95507"}],"curies":[{"name":"wp","href":"https:\/\/api.w.org\/{rel}","templated":true}]}}