{"id":95508,"date":"2016-11-20T13:55:40","date_gmt":"2016-11-20T11:55:40","guid":{"rendered":"http:\/\/www.sana.sy\/tr\/?p=95508"},"modified":"2016-11-20T13:59:56","modified_gmt":"2016-11-20T11:59:56","slug":"suriyenin-abdde-yeni-idareden-beklentisine-iliskin-soruya-cevabinda-muallim-suriyenin-bu-idareden-sadece-terore-destegini-kesmesi-degil-teroru-destekleyen-devletlere-de-sinir-koymasini","status":"publish","type":"post","link":"https:\/\/archive.sana.sy\/tr\/?p=95508","title":{"rendered":"Suriye&#8217;nin ABD\u2019de yeni idareden beklentisine ili\u015fkin soruya cevab\u0131nda Muallim; Suriye&#8217;nin bu idareden sadece ter\u00f6re deste\u011fini kesmesi de\u011fil, ter\u00f6r\u00fc destekleyen devletlere de s\u0131n\u0131r koymas\u0131n\u0131 istedi\u011fini kaydetti"},"content":{"rendered":"<p>Suriye&#8217;nin ABD\u2019de yeni idareden beklentisine ili\u015fkin soruya cevab\u0131nda Muallim; Suriye&#8217;nin bu idareden sadece ter\u00f6re deste\u011fini kesmesi de\u011fil, ter\u00f6r\u00fc destekleyen devletlere de s\u0131n\u0131r koymas\u0131n\u0131 istedi\u011fini kaydetti<\/p>\n","protected":false},"excerpt":{"rendered":"<p>Suriye&#8217;nin ABD\u2019de yeni idareden beklentisine ili\u015fkin soruya cevab\u0131nda Muallim; Suriye&#8217;nin bu idareden sadece ter\u00f6re deste\u011fini kesmesi de\u011fil, ter\u00f6r\u00fc destekleyen devletlere de s\u0131n\u0131r koymas\u0131n\u0131 istedi\u011fini kaydetti<\/p>\n","protected":false},"author":1,"featured_media":0,"comment_status":"closed","ping_status":"closed","sticky":false,"template":"","format":"standard","meta":{"footnotes":""},"categories":[17991],"tags":[],"class_list":["post-95508","post","type-post","status-publish","format-standard","","category-son-dakika"],"_links":{"self":[{"href":"https:\/\/archive.sana.sy\/tr\/index.php?rest_route=\/wp\/v2\/posts\/95508","targetHints":{"allow":["GET"]}}],"collection":[{"href":"https:\/\/archive.sana.sy\/tr\/index.php?rest_route=\/wp\/v2\/posts"}],"about":[{"href":"https:\/\/archive.sana.sy\/tr\/index.php?rest_route=\/wp\/v2\/types\/post"}],"author":[{"embeddable":true,"href":"https:\/\/archive.sana.sy\/tr\/index.php?rest_route=\/wp\/v2\/users\/1"}],"replies":[{"embeddable":true,"href":"https:\/\/archive.sana.sy\/tr\/index.php?rest_route=%2Fwp%2Fv2%2Fcomments&post=95508"}],"version-history":[{"count":0,"href":"https:\/\/archive.sana.sy\/tr\/index.php?rest_route=\/wp\/v2\/posts\/95508\/revisions"}],"wp:attachment":[{"href":"https:\/\/archive.sana.sy\/tr\/index.php?rest_route=%2Fwp%2Fv2%2Fmedia&parent=95508"}],"wp:term":[{"taxonomy":"category","embeddable":true,"href":"https:\/\/archive.sana.sy\/tr\/index.php?rest_route=%2Fwp%2Fv2%2Fcategories&post=95508"},{"taxonomy":"post_tag","embeddable":true,"href":"https:\/\/archive.sana.sy\/tr\/index.php?rest_route=%2Fwp%2Fv2%2Ftags&post=95508"}],"curies":[{"name":"wp","href":"https:\/\/api.w.org\/{rel}","templated":true}]}}