{"id":95520,"date":"2016-11-20T14:28:42","date_gmt":"2016-11-20T12:28:42","guid":{"rendered":"http:\/\/www.sana.sy\/tr\/?p=95520"},"modified":"2016-11-21T13:55:42","modified_gmt":"2016-11-21T11:55:42","slug":"isid-mevkileri-hedef-alinip-agir-kayiplara-ugratildi-2","status":"publish","type":"post","link":"https:\/\/archive.sana.sy\/tr\/?p=95520","title":{"rendered":"I\u015e\u0130D Mevkileri Hedef Al\u0131n\u0131p A\u011f\u0131r Kay\u0131plara U\u011frat\u0131ld\u0131 (video)"},"content":{"rendered":"<p>\u0130LLER \u2013 Kahraman silahl\u0131 kuvvetlerimizin \u00fclkenin muhtelif b\u00f6lgelerinde ba\u015fta I\u015e\u0130D ve Nusra Cephesine y\u00f6nelik d\u00fczenledi\u011fi operasyonlarda ter\u00f6ristlerin a\u011f\u0131r kay\u0131plar\u0131 s\u00fcr\u00fcyor.<\/p>\n<p><span style=\"color: #0000ff\">\u015eAM ve KIRSALI:<\/span><\/p>\n<p>Askeri kaynak ordu birliklerimizin ba\u015fkent \u015eam\u2019\u0131n do\u011fu kenarlar\u0131nda Do\u011fu \u011euta s\u0131n\u0131rlar\u0131na d\u00fc\u015fen Cobar B\u00f6lgesinde \u2018Feylak el Rahman\u2019 adl\u0131 ter\u00f6ristlerin iki yuvas\u0131n\u0131 muhtevalar\u0131yla imha ettiklerini belirtti.<\/p>\n<p>Kaynak b\u00fcy\u00fck miktarda patlay\u0131c\u0131 yerle\u015ftirilerek havaya u\u00e7urulan iki yuvada mevcut t\u00fcm ter\u00f6ristlerin ekipmanlar\u0131yla birlikte etkisiz hale getirildiklerini kaydetti.<\/p>\n<p>\u015eam k\u0131rsal\u0131n\u0131n g\u00fcneybat\u0131s\u0131 Han el \u015eiyh Beldesinde de ordu birliklerimizin \u0130srail destekli Nusra Cephesi ve m\u00fcttefikleri di\u011fer ter\u00f6r \u00f6rg\u00fctlere kar\u015f\u0131 ba\u015far\u0131lar\u0131n\u0131 s\u00fcrd\u00fcrd\u00fcklerini belirten askeri kaynak, burada da aralar\u0131nda bariz isimlerin bulundu\u011fu \u00e7ok say\u0131da ter\u00f6risti \u00f6ld\u00fcrd\u00fcklerini aktard\u0131.<\/p>\n<p><span style=\"color: #0000ff\">DEYREZZOR:<\/span><\/p>\n<p>SANA\u2019n\u0131n Deyrezzor muhabiri; ordu birliklerimizin Deyrezzor Kentinin yakla\u015f\u0131k 7 km g\u00fcneydo\u011fusuna d\u00fc\u015fen Cafra B\u00f6lgesinde askeri noktalara sald\u0131rmaya \u00e7al\u0131\u015fan I\u015e\u0130D\u2019li gruplarla \u015fiddetli \u00e7at\u0131\u015fmalara girdiklerini belirtti. Muhabir; \u00e7at\u0131\u015fmalarda sald\u0131rgan ter\u00f6ristlerin \u00f6l\u00fc ve yaral\u0131 d\u00fc\u015f\u00fcr\u00fcl\u00fcp 3 arac\u0131n\u0131n da y\u00fckleriyle birlikte imha edildi\u011fine dikkat \u00e7ekti.<\/p>\n<p>Bu arada ordu birliklerimizin Deyrezzor k\u0131rsal\u0131n\u0131n g\u00fcneydo\u011fusu Huvaycet Sakr B\u00f6lgesinde ter\u00f6ristlere ait bir komuta karargah\u0131na y\u00f6nelik nitelikli operasyon ger\u00e7ekle\u015ftirdiklerini aktaran muhabir; aralar\u0131nda tehlikeli isimlerin bulundu\u011fu bir\u00e7ok ter\u00f6risti \u00f6l\u00fc ve yaral\u0131 d\u00fc\u015f\u00fcrd\u00fcklerini s\u00f6yledi.<\/p>\n<p><span style=\"color: #0000ff\">DERA:<\/span><\/p>\n<p>Di\u011fer yandan askeri kaynak; ordu birliklerimizin Dera Beled\u2019in muhtelif b\u00f6lgelerinde \u0130srail\u2019den destek alan Nusra Cephesine tabi siper ve s\u0131zma eksenlerini yo\u011fun ate\u015fe tutmalar\u0131yla \u00e7ok say\u0131da ter\u00f6risti \u00f6l\u00fc ve yaral\u0131 d\u00fc\u015f\u00fcr\u00fcp havzalar\u0131nda bulunan silah ve m\u00fchimmatlar\u0131n\u0131 imha ettiklerini a\u00e7\u0131klad\u0131.<\/p>\n<p><span style=\"color: #0000ff\">HOMS:<\/span><\/p>\n<p>\u00d6te yandan askeri kaynak; ordu birliklerimizin Homs k\u0131rsal\u0131n\u0131n do\u011fusu Karyeteyn B\u00f6lgesinde askeri noktalara sald\u0131rmaya \u00e7al\u0131\u015fan I\u015e\u0130D\u2019li \u00e7etelerle \u015fiddetli \u00e7at\u0131\u015fmalara girerek tekfircileri say\u0131 ve te\u00e7hizatlar\u0131yla birlikte a\u011f\u0131r kay\u0131plara u\u011fratt\u0131klar\u0131n\u0131 aktard\u0131.<\/p>\n<p><span style=\"color: #0000ff\">HALEP:<\/span><\/p>\n<p>Halep Kentinin yakla\u015f\u0131k 52 km do\u011fusuna d\u00fc\u015fen Deyr Hafir B\u00f6lgesinde de top\u00e7u birliklerimizin I\u015e\u0130D\u2019in toplanma yerleri ve mevkilerini hedef ald\u0131klar\u0131n\u0131 ifade eden askeri kaynak; en az 17 ter\u00f6risti \u00f6ld\u00fcr\u00fcp tekfircilere ait a\u011f\u0131r makineli silahla donat\u0131lm\u0131\u015f bir BMB arac\u0131na ilaveten 4 motosikleti imha ettiklerini s\u00f6zlerine ekledi.<\/p>\n<p>Bu arada ordu birliklerimiz Halep\u2019in Bieydin Bulvar\u0131 ve b\u00f6lgesinde d\u0131\u015f g\u00fc\u00e7lere tabi az\u0131l\u0131 ter\u00f6ristleri kovalama ve etkisiz hale getirmede ba\u015far\u0131lar\u0131n\u0131 s\u00fcrd\u00fcr\u00fcyor.<\/p>\n<p>Askeri kaynak ya\u015fanan \u00e7at\u0131\u015fmalarda olduk\u00e7a y\u00fcksek say\u0131da ter\u00f6ristin ekipmanlar\u0131 ve ara\u00e7lar\u0131yla etkisiz hale getirildiklerini, ordu birliklerimizin b\u00f6lgede kontrolleri alt\u0131ndaki b\u00f6lgeleri geni\u015flettiklerini kaydetti.<\/p>\n<p>https:\/\/www.youtube.com\/watch?v=1NeiO3q-y4c<\/p>\n<p>&nbsp;<\/p>\n","protected":false},"excerpt":{"rendered":"<p>\u0130LLER \u2013 Kahraman silahl\u0131 kuvvetlerimizin \u00fclkenin muhtelif b\u00f6lgelerinde ba\u015fta I\u015e\u0130D ve Nusra Cephesine y\u00f6nelik d\u00fczenledi\u011fi operasyonlarda ter\u00f6ristlerin a\u011f\u0131r kay\u0131plar\u0131 s\u00fcr\u00fcyor. \u015eAM ve KIRSALI: Askeri kaynak ordu birliklerimizin ba\u015fkent \u015eam\u2019\u0131n do\u011fu kenarlar\u0131nda Do\u011fu \u011euta s\u0131n\u0131rlar\u0131na d\u00fc\u015fen Cobar B\u00f6lgesinde \u2018Feylak el Rahman\u2019 adl\u0131 ter\u00f6ristlerin iki yuvas\u0131n\u0131 muhtevalar\u0131yla imha ettiklerini belirtti. Kaynak b\u00fcy\u00fck miktarda patlay\u0131c\u0131 yerle\u015ftirilerek havaya u\u00e7urulan &hellip;<\/p>\n","protected":false},"author":1,"featured_media":95522,"comment_status":"closed","ping_status":"closed","sticky":false,"template":"","format":"standard","meta":{"footnotes":""},"categories":[575,17988],"tags":[3464,18365,21046,25383,18237,2318,25217,18347,18674,20942,11549,19043,22182,19034],"class_list":["post-95520","post","type-post","status-publish","format-standard","has-post-thumbnail","","category-olaylar-ve-gercekler","category-son-haberler","tag-nusra-cephesi","tag-ahrar-el-sam","tag-ceysul-islam","tag-ceyul-fetih","tag-cihatcilar","tag-isid","tag-nurettin-zenki","tag-oso","tag-silahli-muhalifler","tag-suriye-askerleri","tag-suriye-ordusu","tag-suriyede-son-durum","tag-suriyede-savas","tag-suriyeli-muhalifler"],"_links":{"self":[{"href":"https:\/\/archive.sana.sy\/tr\/index.php?rest_route=\/wp\/v2\/posts\/95520","targetHints":{"allow":["GET"]}}],"collection":[{"href":"https:\/\/archive.sana.sy\/tr\/index.php?rest_route=\/wp\/v2\/posts"}],"about":[{"href":"https:\/\/archive.sana.sy\/tr\/index.php?rest_route=\/wp\/v2\/types\/post"}],"author":[{"embeddable":true,"href":"https:\/\/archive.sana.sy\/tr\/index.php?rest_route=\/wp\/v2\/users\/1"}],"replies":[{"embeddable":true,"href":"https:\/\/archive.sana.sy\/tr\/index.php?rest_route=%2Fwp%2Fv2%2Fcomments&post=95520"}],"version-history":[{"count":0,"href":"https:\/\/archive.sana.sy\/tr\/index.php?rest_route=\/wp\/v2\/posts\/95520\/revisions"}],"wp:featuredmedia":[{"embeddable":true,"href":"https:\/\/archive.sana.sy\/tr\/index.php?rest_route=\/wp\/v2\/media\/95522"}],"wp:attachment":[{"href":"https:\/\/archive.sana.sy\/tr\/index.php?rest_route=%2Fwp%2Fv2%2Fmedia&parent=95520"}],"wp:term":[{"taxonomy":"category","embeddable":true,"href":"https:\/\/archive.sana.sy\/tr\/index.php?rest_route=%2Fwp%2Fv2%2Fcategories&post=95520"},{"taxonomy":"post_tag","embeddable":true,"href":"https:\/\/archive.sana.sy\/tr\/index.php?rest_route=%2Fwp%2Fv2%2Ftags&post=95520"}],"curies":[{"name":"wp","href":"https:\/\/api.w.org\/{rel}","templated":true}]}}