{"id":95575,"date":"2016-11-21T16:24:21","date_gmt":"2016-11-21T14:24:21","guid":{"rendered":"http:\/\/www.sana.sy\/tr\/?p=95575"},"modified":"2016-11-22T12:09:44","modified_gmt":"2016-11-22T10:09:44","slug":"sivil-bolgelere-gelisiguzel-fuze-saldirilari-devam-ediyor","status":"publish","type":"post","link":"https:\/\/archive.sana.sy\/tr\/?p=95575","title":{"rendered":"Sivil B\u00f6lgelere Geli\u015fig\u00fczel F\u00fcze Sald\u0131r\u0131lar\u0131 Devam Ediyor (video)"},"content":{"rendered":"<p>\u0130LLER\u2013 \u00c7okuluslu radikal ve hain ter\u00f6ristler masum sivil vatanda\u015flar\u0131 evlerinde ve i\u015fyerlerinde geli\u015fig\u00fczel f\u00fczelerle hedef almaya devam ediyor.<\/p>\n<p><span style=\"color: #0000ff\">\u015eAM:<\/span><\/p>\n<p>\u015eam Emniyet M\u00fcd\u00fcrl\u00fc\u011f\u00fcnde bir kaynak SANA\u2019ya a\u00e7\u0131klamas\u0131nda; Do\u011fu \u011euta\u2019da bulunan ve Vahhabi Suudi Arabistan rejimine tabi olan \u2018Cey\u015ful \u0130slam\u2019 adl\u0131 radikal ter\u00f6ristlerin \u015eam\u2019\u0131n sivil yerle\u015fim alanlar\u0131ndan Mezze 86 Semtini bir f\u00fczeyle hedef ald\u0131klar\u0131n\u0131 belirtti.\u00a0Kaynak hain ter\u00f6r sald\u0131r\u0131s\u0131nda 1 vatanda\u015f\u0131n yaraland\u0131\u011f\u0131n\u0131, sivil evlerde b\u00fcy\u00fck hasarlar\u0131n meydana geldi\u011fini s\u00f6yledi.<\/p>\n<p>Ter\u00f6ristlerin Mezra Semtini yine f\u00fczeyle hedef ald\u0131klar\u0131n\u0131 kaydeden kaynak, Feyha Stadyumuna d\u00fc\u015fen f\u00fcze sonucunda \u015fans eseri be\u015feri isabetlerin olmad\u0131\u011f\u0131n\u0131 belirtti.<\/p>\n<p><span style=\"color: #0000ff\">\u015eAM KIRSALI:<\/span><\/p>\n<p>Bu arada \u015eam \u00c7evre Kent Emniyet M\u00fcd\u00fcrl\u00fc\u011f\u00fcnde bir kaynak benzer bir a\u00e7\u0131klamada yine Do\u011fu \u011euta\u2019da bulunan ve Vahhabi Al Suud rejimine tabi olan radikal ter\u00f6ristlerin \u015eam k\u0131rsal\u0131 Haresta Banliy\u00f6s\u00fc ve civar\u0131ndaki yerle\u015fim alanlar\u0131n\u0131 f\u00fcze ya\u011fmuruna tutmalar\u0131 sonucunda 3 vatanda\u015f\u0131n \u015fehit, 21 vatanda\u015f\u0131n da yaral\u0131 d\u00fc\u015ft\u00fcklerini belirtti.<\/p>\n<p><span style=\"color: #0000ff\">\u0130DL\u0130B:<\/span><\/p>\n<p>\u0130dlib k\u0131rsal\u0131nda Erdo\u011fan ve Al Suud rejimlerine tabi \u2018Cey\u015ful Fetih\u2019 adl\u0131 \u00e7okuluslu ve radikal ter\u00f6ristler, \u00fc\u00e7 y\u0131la a\u00e7k\u0131n s\u00fcredir ku\u015fatma alt\u0131nda tuttuklar\u0131 Fua ve Kefrayya beldelerine yine f\u00fczelerle sald\u0131rd\u0131.<\/p>\n<p>\u0130ki beldeden yerel kaynaklar SANA ile telefon g\u00f6r\u00fc\u015fmelerinde evlere d\u00fc\u015fen f\u00fczeler sonucunda 5 ya\u015flar\u0131nda bir k\u0131z \u00e7ocu\u011funun yaraland\u0131\u011f\u0131n\u0131, aralar\u0131nda 1 kad\u0131n ve 2 \u00e7ocu\u011fun bulundu\u011fu 5 vatanda\u015f\u0131n da yaraland\u0131klar\u0131n\u0131 aktard\u0131.<\/p>\n<p>https:\/\/www.youtube.com\/watch?v=ikKW1Cnw9HU<\/p>\n","protected":false},"excerpt":{"rendered":"<p>\u0130LLER\u2013 \u00c7okuluslu radikal ve hain ter\u00f6ristler masum sivil vatanda\u015flar\u0131 evlerinde ve i\u015fyerlerinde geli\u015fig\u00fczel f\u00fczelerle hedef almaya devam ediyor. \u015eAM: \u015eam Emniyet M\u00fcd\u00fcrl\u00fc\u011f\u00fcnde bir kaynak SANA\u2019ya a\u00e7\u0131klamas\u0131nda; Do\u011fu \u011euta\u2019da bulunan ve Vahhabi Suudi Arabistan rejimine tabi olan \u2018Cey\u015ful \u0130slam\u2019 adl\u0131 radikal ter\u00f6ristlerin \u015eam\u2019\u0131n sivil yerle\u015fim alanlar\u0131ndan Mezze 86 Semtini bir f\u00fczeyle hedef ald\u0131klar\u0131n\u0131 belirtti.\u00a0Kaynak hain ter\u00f6r &hellip;<\/p>\n","protected":false},"author":1,"featured_media":95577,"comment_status":"closed","ping_status":"closed","sticky":false,"template":"","format":"standard","meta":{"footnotes":""},"categories":[479,575,17988,478],"tags":[3464,23799,21046,18237,17274,18344,17273,18347,18674,18174,19034],"class_list":["post-95575","post","type-post","status-publish","format-standard","has-post-thumbnail","","category-haberler-yerel","category-olaylar-ve-gercekler","category-son-haberler","category-yerel","tag-nusra-cephesi","tag-ceysul-fetih","tag-ceysul-islam","tag-cihatcilar","tag-fuze-saldirisi","tag-gelisiguzel-saldirilar","tag-havan-saldirisi","tag-oso","tag-silahli-muhalifler","tag-sivillere-saldiri","tag-suriyeli-muhalifler"],"_links":{"self":[{"href":"https:\/\/archive.sana.sy\/tr\/index.php?rest_route=\/wp\/v2\/posts\/95575","targetHints":{"allow":["GET"]}}],"collection":[{"href":"https:\/\/archive.sana.sy\/tr\/index.php?rest_route=\/wp\/v2\/posts"}],"about":[{"href":"https:\/\/archive.sana.sy\/tr\/index.php?rest_route=\/wp\/v2\/types\/post"}],"author":[{"embeddable":true,"href":"https:\/\/archive.sana.sy\/tr\/index.php?rest_route=\/wp\/v2\/users\/1"}],"replies":[{"embeddable":true,"href":"https:\/\/archive.sana.sy\/tr\/index.php?rest_route=%2Fwp%2Fv2%2Fcomments&post=95575"}],"version-history":[{"count":0,"href":"https:\/\/archive.sana.sy\/tr\/index.php?rest_route=\/wp\/v2\/posts\/95575\/revisions"}],"wp:featuredmedia":[{"embeddable":true,"href":"https:\/\/archive.sana.sy\/tr\/index.php?rest_route=\/wp\/v2\/media\/95577"}],"wp:attachment":[{"href":"https:\/\/archive.sana.sy\/tr\/index.php?rest_route=%2Fwp%2Fv2%2Fmedia&parent=95575"}],"wp:term":[{"taxonomy":"category","embeddable":true,"href":"https:\/\/archive.sana.sy\/tr\/index.php?rest_route=%2Fwp%2Fv2%2Fcategories&post=95575"},{"taxonomy":"post_tag","embeddable":true,"href":"https:\/\/archive.sana.sy\/tr\/index.php?rest_route=%2Fwp%2Fv2%2Ftags&post=95575"}],"curies":[{"name":"wp","href":"https:\/\/api.w.org\/{rel}","templated":true}]}}