{"id":9558,"date":"2014-09-09T23:22:55","date_gmt":"2014-09-09T20:22:55","guid":{"rendered":"http:\/\/www.sana.sy\/tr\/?p=9558"},"modified":"2014-09-09T23:22:55","modified_gmt":"2014-09-09T20:22:55","slug":"teror-komutanlari-toplantisinda-buyuk-patlama","status":"publish","type":"post","link":"https:\/\/archive.sana.sy\/tr\/?p=9558","title":{"rendered":"Ter\u00f6r Komutanlar\u0131 Toplant\u0131s\u0131nda B\u00fcy\u00fck Patlama"},"content":{"rendered":"<p>\u0130DL\u0130B \u2013 \u0130dlib k\u0131rsal\u0131n\u0131n kuzeybat\u0131s\u0131 Ram Hamdan Beldesinde \u2018Ahrar el \u015eam Hareketi\u2019 (\u015eam \u00d6zg\u00fcrleri Hareketi) adl\u0131 radikal ter\u00f6r olu\u015fumuna tabi az\u0131l\u0131 eleba\u015flar\u0131 ve komutan\u0131n toplant\u0131 d\u00fczenledikleri bir ter\u00f6r karargah\u0131nda b\u00fcy\u00fck bir patlama meydana geldi.<\/p>\n<p>B\u00fcy\u00fck patlamada s\u00f6z konusu radikal ter\u00f6r olu\u015fuma tabi 23 komutan \u00f6ld\u00fc.<\/p>\n<p>Ahrar el \u015eam Hareketi; Bat\u0131l\u0131 istihbarat birimleri ile ba\u011flant\u0131lar\u0131 olan ve ba\u015fta Suudi krall\u0131k rejimi olmak \u00fczere kimi Arap k\u00f6rfez devletleri taraf\u0131ndan finans ve silah deste\u011fi alan \u2018\u0130slami Cephe\u2019 tekfirci ter\u00f6r olu\u015fumunun bir par\u00e7as\u0131 say\u0131lmaktad\u0131r.<\/p>\n","protected":false},"excerpt":{"rendered":"<p>\u0130DL\u0130B \u2013 \u0130dlib k\u0131rsal\u0131n\u0131n kuzeybat\u0131s\u0131 Ram Hamdan Beldesinde \u2018Ahrar el \u015eam Hareketi\u2019 (\u015eam \u00d6zg\u00fcrleri Hareketi) adl\u0131 radikal ter\u00f6r olu\u015fumuna tabi az\u0131l\u0131 eleba\u015flar\u0131 ve komutan\u0131n toplant\u0131 d\u00fczenledikleri bir ter\u00f6r karargah\u0131nda b\u00fcy\u00fck bir patlama meydana geldi. B\u00fcy\u00fck patlamada s\u00f6z konusu radikal ter\u00f6r olu\u015fuma tabi 23 komutan \u00f6ld\u00fc. Ahrar el \u015eam Hareketi; Bat\u0131l\u0131 istihbarat birimleri ile ba\u011flant\u0131lar\u0131 olan &hellip;<\/p>\n","protected":false},"author":1,"featured_media":9559,"comment_status":"closed","ping_status":"closed","sticky":false,"template":"","format":"standard","meta":{"footnotes":""},"categories":[479,575,447,478],"tags":[2149],"class_list":["post-9558","post","type-post","status-publish","format-standard","has-post-thumbnail","","category-haberler-yerel","category-olaylar-ve-gercekler","category-politika","category-yerel","tag-teror-komutanlari-toplantisinda-buyuk-patlama"],"_links":{"self":[{"href":"https:\/\/archive.sana.sy\/tr\/index.php?rest_route=\/wp\/v2\/posts\/9558","targetHints":{"allow":["GET"]}}],"collection":[{"href":"https:\/\/archive.sana.sy\/tr\/index.php?rest_route=\/wp\/v2\/posts"}],"about":[{"href":"https:\/\/archive.sana.sy\/tr\/index.php?rest_route=\/wp\/v2\/types\/post"}],"author":[{"embeddable":true,"href":"https:\/\/archive.sana.sy\/tr\/index.php?rest_route=\/wp\/v2\/users\/1"}],"replies":[{"embeddable":true,"href":"https:\/\/archive.sana.sy\/tr\/index.php?rest_route=%2Fwp%2Fv2%2Fcomments&post=9558"}],"version-history":[{"count":0,"href":"https:\/\/archive.sana.sy\/tr\/index.php?rest_route=\/wp\/v2\/posts\/9558\/revisions"}],"wp:featuredmedia":[{"embeddable":true,"href":"https:\/\/archive.sana.sy\/tr\/index.php?rest_route=\/wp\/v2\/media\/9559"}],"wp:attachment":[{"href":"https:\/\/archive.sana.sy\/tr\/index.php?rest_route=%2Fwp%2Fv2%2Fmedia&parent=9558"}],"wp:term":[{"taxonomy":"category","embeddable":true,"href":"https:\/\/archive.sana.sy\/tr\/index.php?rest_route=%2Fwp%2Fv2%2Fcategories&post=9558"},{"taxonomy":"post_tag","embeddable":true,"href":"https:\/\/archive.sana.sy\/tr\/index.php?rest_route=%2Fwp%2Fv2%2Ftags&post=9558"}],"curies":[{"name":"wp","href":"https:\/\/api.w.org\/{rel}","templated":true}]}}