{"id":95586,"date":"2016-11-21T10:42:46","date_gmt":"2016-11-21T08:42:46","guid":{"rendered":"http:\/\/www.sana.sy\/tr\/?p=95586"},"modified":"2016-11-21T13:26:10","modified_gmt":"2016-11-21T11:26:10","slug":"sam-emniyet-mudurlugunde-bir-kaynak-sanaya-aciklamasinda-dogu-gutada-bulunan-ve-vahhabi-suudi-arabistan-rejimine-tabi-olan-ceysul-islam-adli-radikal-teroristlerin","status":"publish","type":"post","link":"https:\/\/archive.sana.sy\/tr\/?p=95586","title":{"rendered":"\u015eam Emniyet M\u00fcd\u00fcrl\u00fc\u011f\u00fcnde bir kaynak SANA\u2019ya a\u00e7\u0131klamas\u0131nda; Do\u011fu \u011euta\u2019da bulunan ve Vahhabi Suudi Arabistan rejimine tabi olan \u2018Cey\u015ful \u0130slam\u2019 adl\u0131 radikal ter\u00f6ristlerin \u015eam\u2019\u0131n sivil yerle\u015fim alanlar\u0131ndan Mezze 86 Semtini bir f\u00fczeyle hedef ald\u0131klar\u0131n\u0131 belirtti"},"content":{"rendered":"<p>\u015eam Emniyet M\u00fcd\u00fcrl\u00fc\u011f\u00fcnde bir kaynak SANA\u2019ya a\u00e7\u0131klamas\u0131nda; Do\u011fu \u011euta\u2019da bulunan ve Vahhabi Suudi Arabistan rejimine tabi olan \u2018Cey\u015ful \u0130slam\u2019 adl\u0131 radikal ter\u00f6ristlerin \u015eam\u2019\u0131n sivil yerle\u015fim alanlar\u0131ndan Mezze 86 Semtini bir f\u00fczeyle hedef ald\u0131klar\u0131n\u0131 belirtti<\/p>\n","protected":false},"excerpt":{"rendered":"<p>\u015eam Emniyet M\u00fcd\u00fcrl\u00fc\u011f\u00fcnde bir kaynak SANA\u2019ya a\u00e7\u0131klamas\u0131nda; Do\u011fu \u011euta\u2019da bulunan ve Vahhabi Suudi Arabistan rejimine tabi olan \u2018Cey\u015ful \u0130slam\u2019 adl\u0131 radikal ter\u00f6ristlerin \u015eam\u2019\u0131n sivil yerle\u015fim alanlar\u0131ndan Mezze 86 Semtini bir f\u00fczeyle hedef ald\u0131klar\u0131n\u0131 belirtti<\/p>\n","protected":false},"author":1,"featured_media":0,"comment_status":"closed","ping_status":"closed","sticky":false,"template":"","format":"standard","meta":{"footnotes":""},"categories":[17991],"tags":[],"class_list":["post-95586","post","type-post","status-publish","format-standard","","category-son-dakika"],"_links":{"self":[{"href":"https:\/\/archive.sana.sy\/tr\/index.php?rest_route=\/wp\/v2\/posts\/95586","targetHints":{"allow":["GET"]}}],"collection":[{"href":"https:\/\/archive.sana.sy\/tr\/index.php?rest_route=\/wp\/v2\/posts"}],"about":[{"href":"https:\/\/archive.sana.sy\/tr\/index.php?rest_route=\/wp\/v2\/types\/post"}],"author":[{"embeddable":true,"href":"https:\/\/archive.sana.sy\/tr\/index.php?rest_route=\/wp\/v2\/users\/1"}],"replies":[{"embeddable":true,"href":"https:\/\/archive.sana.sy\/tr\/index.php?rest_route=%2Fwp%2Fv2%2Fcomments&post=95586"}],"version-history":[{"count":0,"href":"https:\/\/archive.sana.sy\/tr\/index.php?rest_route=\/wp\/v2\/posts\/95586\/revisions"}],"wp:attachment":[{"href":"https:\/\/archive.sana.sy\/tr\/index.php?rest_route=%2Fwp%2Fv2%2Fmedia&parent=95586"}],"wp:term":[{"taxonomy":"category","embeddable":true,"href":"https:\/\/archive.sana.sy\/tr\/index.php?rest_route=%2Fwp%2Fv2%2Fcategories&post=95586"},{"taxonomy":"post_tag","embeddable":true,"href":"https:\/\/archive.sana.sy\/tr\/index.php?rest_route=%2Fwp%2Fv2%2Ftags&post=95586"}],"curies":[{"name":"wp","href":"https:\/\/api.w.org\/{rel}","templated":true}]}}